{"id":7207,"date":"2024-12-10T18:47:38","date_gmt":"2024-12-10T17:47:38","guid":{"rendered":"https:\/\/wgphoto.pl\/t\/?p=7207"},"modified":"2024-12-10T18:47:38","modified_gmt":"2024-12-10T17:47:38","slug":"waga-ciezka-w-wisle","status":"publish","type":"post","link":"http:\/\/wgphoto.pl\/t\/?p=7207","title":{"rendered":"Waga ci\u0119\u017cka w Wi\u015ble"},"content":{"rendered":"\n<figure class=\"wp-block-image aligncenter size-full\"><img loading=\"lazy\" decoding=\"async\" width=\"1050\" height=\"742\" src=\"https:\/\/wgphoto.pl\/t\/wp-content\/uploads\/2024\/12\/0534-23.jpg\" alt=\"\" class=\"wp-image-7208\" srcset=\"http:\/\/wgphoto.pl\/t\/wp-content\/uploads\/2024\/12\/0534-23.jpg 1050w, http:\/\/wgphoto.pl\/t\/wp-content\/uploads\/2024\/12\/0534-23-300x212.jpg 300w, http:\/\/wgphoto.pl\/t\/wp-content\/uploads\/2024\/12\/0534-23-768x543.jpg 768w\" sizes=\"auto, (max-width: 1050px) 100vw, 1050px\" \/><\/figure>\n\n\n\n<div class=\"wp-block-group has-global-padding is-layout-constrained wp-block-group-is-layout-constrained\">\n<p>SM31-031 przyjecha\u0142a na odsiecz zimie z kombajnem od\u015bnie\u017cnym z nast\u0119pnego zdj\u0119cia. 2005-12-30<\/p>\n<\/div>\n","protected":false},"excerpt":{"rendered":"<p>SM31-031 przyjecha\u0142a na odsiecz zimie z kombajnem od\u015bnie\u017cnym z nast\u0119pnego zdj\u0119cia. 2005-12-30<\/p>\n","protected":false},"author":1,"featured_media":7208,"comment_status":"open","ping_status":"","sticky":false,"template":"","format":"standard","meta":{"footnotes":""},"categories":[62,2,311],"tags":[2348,63,27,266,44,2347,2533],"class_list":["post-7207","post","type-post","status-publish","format-standard","has-post-thumbnail","hentry","category-analog","category-kolej","category-rok-2005","tag-2005-12-30","tag-pkp","tag-polska","tag-sm31","tag-snieg","tag-tab-pl146","tag-wisla-glebce-2"],"_links":{"self":[{"href":"http:\/\/wgphoto.pl\/t\/index.php?rest_route=\/wp\/v2\/posts\/7207","targetHints":{"allow":["GET"]}}],"collection":[{"href":"http:\/\/wgphoto.pl\/t\/index.php?rest_route=\/wp\/v2\/posts"}],"about":[{"href":"http:\/\/wgphoto.pl\/t\/index.php?rest_route=\/wp\/v2\/types\/post"}],"author":[{"embeddable":true,"href":"http:\/\/wgphoto.pl\/t\/index.php?rest_route=\/wp\/v2\/users\/1"}],"replies":[{"embeddable":true,"href":"http:\/\/wgphoto.pl\/t\/index.php?rest_route=%2Fwp%2Fv2%2Fcomments&post=7207"}],"version-history":[{"count":1,"href":"http:\/\/wgphoto.pl\/t\/index.php?rest_route=\/wp\/v2\/posts\/7207\/revisions"}],"predecessor-version":[{"id":7209,"href":"http:\/\/wgphoto.pl\/t\/index.php?rest_route=\/wp\/v2\/posts\/7207\/revisions\/7209"}],"wp:featuredmedia":[{"embeddable":true,"href":"http:\/\/wgphoto.pl\/t\/index.php?rest_route=\/wp\/v2\/media\/7208"}],"wp:attachment":[{"href":"http:\/\/wgphoto.pl\/t\/index.php?rest_route=%2Fwp%2Fv2%2Fmedia&parent=7207"}],"wp:term":[{"taxonomy":"category","embeddable":true,"href":"http:\/\/wgphoto.pl\/t\/index.php?rest_route=%2Fwp%2Fv2%2Fcategories&post=7207"},{"taxonomy":"post_tag","embeddable":true,"href":"http:\/\/wgphoto.pl\/t\/index.php?rest_route=%2Fwp%2Fv2%2Ftags&post=7207"}],"curies":[{"name":"wp","href":"https:\/\/api.w.org\/{rel}","templated":true}]}}