{"id":7210,"date":"2024-12-10T18:48:53","date_gmt":"2024-12-10T17:48:53","guid":{"rendered":"https:\/\/wgphoto.pl\/t\/?p=7210"},"modified":"2024-12-10T18:48:53","modified_gmt":"2024-12-10T17:48:53","slug":"z-wysokosci-najpiekniej","status":"publish","type":"post","link":"http:\/\/wgphoto.pl\/t\/?p=7210","title":{"rendered":"Z wysoko\u015bci najpi\u0119kniej"},"content":{"rendered":"\n<figure class=\"wp-block-image aligncenter size-full\"><img loading=\"lazy\" decoding=\"async\" width=\"1200\" height=\"795\" src=\"https:\/\/wgphoto.pl\/t\/wp-content\/uploads\/2024\/12\/IMGP0293.jpg\" alt=\"\" class=\"wp-image-7211\" srcset=\"http:\/\/wgphoto.pl\/t\/wp-content\/uploads\/2024\/12\/IMGP0293.jpg 1200w, http:\/\/wgphoto.pl\/t\/wp-content\/uploads\/2024\/12\/IMGP0293-300x199.jpg 300w, http:\/\/wgphoto.pl\/t\/wp-content\/uploads\/2024\/12\/IMGP0293-768x509.jpg 768w\" sizes=\"auto, (max-width: 1200px) 100vw, 1200px\" \/><\/figure>\n\n\n\n<div class=\"wp-block-group has-global-padding is-layout-constrained wp-block-group-is-layout-constrained\">\n<p>Charleroi, odcinek Dampremy &#8211; Providence. Po wej\u015bciu na t\u0119 ha\u0142d\u0119, sk\u0105d rozpo\u015bciera si\u0119 poczt\u00f3wkowy widok na Charleroi, nie mam tam ju\u017c po co wraca\u0107. Aby trafi\u0107 w to upatrzone ju\u017c dawno miejsce potrzebowa\u0142em trzech wizyt. 2018-08-14<\/p>\n<\/div>\n","protected":false},"excerpt":{"rendered":"<p>Charleroi, odcinek Dampremy &#8211; Providence. Po wej\u015bciu na t\u0119 ha\u0142d\u0119, sk\u0105d rozpo\u015bciera si\u0119 poczt\u00f3wkowy widok na Charleroi, nie mam tam ju\u017c po co wraca\u0107. Aby trafi\u0107 w to upatrzone ju\u017c dawno miejsce potrzebowa\u0142em trzech wizyt. 2018-08-14<\/p>\n","protected":false},"author":1,"featured_media":7211,"comment_status":"open","ping_status":"","sticky":false,"template":"","format":"standard","meta":{"footnotes":""},"categories":[4,156,3],"tags":[1216,695,696,814,812,303,113,73,813],"class_list":["post-7210","post","type-post","status-publish","format-standard","has-post-thumbnail","hentry","category-metro","category-rok-2018","category-tramwaj","tag-2018-08-14","tag-belgia","tag-belgia-2018","tag-bn-lrv","tag-charleroi","tag-industrial","tag-landszaft","tag-rzeka","tag-tec-charleroi"],"_links":{"self":[{"href":"http:\/\/wgphoto.pl\/t\/index.php?rest_route=\/wp\/v2\/posts\/7210","targetHints":{"allow":["GET"]}}],"collection":[{"href":"http:\/\/wgphoto.pl\/t\/index.php?rest_route=\/wp\/v2\/posts"}],"about":[{"href":"http:\/\/wgphoto.pl\/t\/index.php?rest_route=\/wp\/v2\/types\/post"}],"author":[{"embeddable":true,"href":"http:\/\/wgphoto.pl\/t\/index.php?rest_route=\/wp\/v2\/users\/1"}],"replies":[{"embeddable":true,"href":"http:\/\/wgphoto.pl\/t\/index.php?rest_route=%2Fwp%2Fv2%2Fcomments&post=7210"}],"version-history":[{"count":1,"href":"http:\/\/wgphoto.pl\/t\/index.php?rest_route=\/wp\/v2\/posts\/7210\/revisions"}],"predecessor-version":[{"id":7212,"href":"http:\/\/wgphoto.pl\/t\/index.php?rest_route=\/wp\/v2\/posts\/7210\/revisions\/7212"}],"wp:featuredmedia":[{"embeddable":true,"href":"http:\/\/wgphoto.pl\/t\/index.php?rest_route=\/wp\/v2\/media\/7211"}],"wp:attachment":[{"href":"http:\/\/wgphoto.pl\/t\/index.php?rest_route=%2Fwp%2Fv2%2Fmedia&parent=7210"}],"wp:term":[{"taxonomy":"category","embeddable":true,"href":"http:\/\/wgphoto.pl\/t\/index.php?rest_route=%2Fwp%2Fv2%2Fcategories&post=7210"},{"taxonomy":"post_tag","embeddable":true,"href":"http:\/\/wgphoto.pl\/t\/index.php?rest_route=%2Fwp%2Fv2%2Ftags&post=7210"}],"curies":[{"name":"wp","href":"https:\/\/api.w.org\/{rel}","templated":true}]}}