{"id":7262,"date":"2024-12-10T19:55:28","date_gmt":"2024-12-10T18:55:28","guid":{"rendered":"https:\/\/wgphoto.pl\/t\/?p=7262"},"modified":"2024-12-10T19:55:28","modified_gmt":"2024-12-10T18:55:28","slug":"kiedy-pada-snieg","status":"publish","type":"post","link":"http:\/\/wgphoto.pl\/t\/?p=7262","title":{"rendered":"Kiedy pada \u015bnieg"},"content":{"rendered":"\n<figure class=\"wp-block-image aligncenter size-full\"><img loading=\"lazy\" decoding=\"async\" width=\"1200\" height=\"795\" src=\"https:\/\/wgphoto.pl\/t\/wp-content\/uploads\/2024\/12\/IMGP6979.jpg\" alt=\"\" class=\"wp-image-7263\" srcset=\"http:\/\/wgphoto.pl\/t\/wp-content\/uploads\/2024\/12\/IMGP6979.jpg 1200w, http:\/\/wgphoto.pl\/t\/wp-content\/uploads\/2024\/12\/IMGP6979-300x199.jpg 300w, http:\/\/wgphoto.pl\/t\/wp-content\/uploads\/2024\/12\/IMGP6979-768x509.jpg 768w\" sizes=\"auto, (max-width: 1200px) 100vw, 1200px\" \/><\/figure>\n\n\n\n<div class=\"wp-block-group has-global-padding is-layout-constrained wp-block-group-is-layout-constrained\">\n<p>Miluza, Avenue du Pr\u00e9sident Kennedy. Wsp\u00f3\u0142czesny tramwaj (otwarcie w 2006 roku) uda\u0142o si\u0119 zmie\u015bci\u0107 na \u015br\u00f3dmiejskiej ulicy i to z wydzielonym torowiskiem. 20.03.2018<\/p>\n<\/div>\n","protected":false},"excerpt":{"rendered":"<p>Miluza, Avenue du Pr\u00e9sident Kennedy. Wsp\u00f3\u0142czesny tramwaj (otwarcie w 2006 roku) uda\u0142o si\u0119 zmie\u015bci\u0107 na \u015br\u00f3dmiejskiej ulicy i to z wydzielonym torowiskiem. 20.03.2018<\/p>\n","protected":false},"author":1,"featured_media":7263,"comment_status":"open","ping_status":"","sticky":false,"template":"","format":"standard","meta":{"footnotes":""},"categories":[156,3],"tags":[602,170,415,601,183,600],"class_list":["post-7262","post","type-post","status-publish","format-standard","has-post-thumbnail","hentry","category-rok-2018","category-tramwaj","tag-2018-03-20","tag-alstom-citadis302","tag-francja","tag-miluza","tag-suissetrip-2018","tag-tram-mulhouse"],"_links":{"self":[{"href":"http:\/\/wgphoto.pl\/t\/index.php?rest_route=\/wp\/v2\/posts\/7262","targetHints":{"allow":["GET"]}}],"collection":[{"href":"http:\/\/wgphoto.pl\/t\/index.php?rest_route=\/wp\/v2\/posts"}],"about":[{"href":"http:\/\/wgphoto.pl\/t\/index.php?rest_route=\/wp\/v2\/types\/post"}],"author":[{"embeddable":true,"href":"http:\/\/wgphoto.pl\/t\/index.php?rest_route=\/wp\/v2\/users\/1"}],"replies":[{"embeddable":true,"href":"http:\/\/wgphoto.pl\/t\/index.php?rest_route=%2Fwp%2Fv2%2Fcomments&post=7262"}],"version-history":[{"count":1,"href":"http:\/\/wgphoto.pl\/t\/index.php?rest_route=\/wp\/v2\/posts\/7262\/revisions"}],"predecessor-version":[{"id":7264,"href":"http:\/\/wgphoto.pl\/t\/index.php?rest_route=\/wp\/v2\/posts\/7262\/revisions\/7264"}],"wp:featuredmedia":[{"embeddable":true,"href":"http:\/\/wgphoto.pl\/t\/index.php?rest_route=\/wp\/v2\/media\/7263"}],"wp:attachment":[{"href":"http:\/\/wgphoto.pl\/t\/index.php?rest_route=%2Fwp%2Fv2%2Fmedia&parent=7262"}],"wp:term":[{"taxonomy":"category","embeddable":true,"href":"http:\/\/wgphoto.pl\/t\/index.php?rest_route=%2Fwp%2Fv2%2Fcategories&post=7262"},{"taxonomy":"post_tag","embeddable":true,"href":"http:\/\/wgphoto.pl\/t\/index.php?rest_route=%2Fwp%2Fv2%2Ftags&post=7262"}],"curies":[{"name":"wp","href":"https:\/\/api.w.org\/{rel}","templated":true}]}}