{"id":7265,"date":"2024-12-10T19:56:54","date_gmt":"2024-12-10T18:56:54","guid":{"rendered":"https:\/\/wgphoto.pl\/t\/?p=7265"},"modified":"2024-12-10T19:57:33","modified_gmt":"2024-12-10T18:57:33","slug":"w-krainie-sniegu","status":"publish","type":"post","link":"http:\/\/wgphoto.pl\/t\/?p=7265","title":{"rendered":"W krainie \u015bniegu"},"content":{"rendered":"\n<figure class=\"wp-block-image aligncenter size-full\"><img loading=\"lazy\" decoding=\"async\" width=\"1200\" height=\"795\" src=\"https:\/\/wgphoto.pl\/t\/wp-content\/uploads\/2024\/12\/IMGP8320.jpg\" alt=\"\" class=\"wp-image-7266\" srcset=\"http:\/\/wgphoto.pl\/t\/wp-content\/uploads\/2024\/12\/IMGP8320.jpg 1200w, http:\/\/wgphoto.pl\/t\/wp-content\/uploads\/2024\/12\/IMGP8320-300x199.jpg 300w, http:\/\/wgphoto.pl\/t\/wp-content\/uploads\/2024\/12\/IMGP8320-768x509.jpg 768w\" sizes=\"auto, (max-width: 1200px) 100vw, 1200px\" \/><\/figure>\n\n\n\n<div class=\"wp-block-group has-global-padding is-layout-constrained wp-block-group-is-layout-constrained\">\n<p>Poci\u0105g regionalny 1633 z St. Moritz do Tirano wci\u0105gn\u0105\u0142 si\u0119 na najwy\u017cszy punkt na swojej trasie &#8211; prze\u0142\u0119cz Bernina, po\u0142o\u017con\u0105 na wysoko\u015bci 2253 m n.p.m. Wysiadaj\u0105c tu w \u015bnie\u017cycy z widoczno\u015bci\u0105 max 200 metr\u00f3w z zamiarem sfotografowania widok\u00f3w na g\u00f3ry liczy\u0142em na zmienno\u015b\u0107 g\u00f3rskiej pogody. Po godzinie \u015bnie\u017cyca usta\u0142a, a po kolejnej by\u0142o ju\u017c ca\u0142kiem zno\u015bnie, co zaobserwowa\u0107 mo\u017cna klikaj\u0105c w odpowiednie tagi. 2018-03-26<\/p>\n<\/div>\n","protected":false},"excerpt":{"rendered":"<p>Poci\u0105g regionalny 1633 z St. Moritz do Tirano wci\u0105gn\u0105\u0142 si\u0119 na najwy\u017cszy punkt na swojej trasie &#8211; prze\u0142\u0119cz Bernina, po\u0142o\u017con\u0105 na wysoko\u015bci 2253 m n.p.m. Wysiadaj\u0105c tu w \u015bnie\u017cycy z widoczno\u015bci\u0105 max 200 metr\u00f3w z zamiarem sfotografowania widok\u00f3w na g\u00f3ry liczy\u0142em na zmienno\u015b\u0107 g\u00f3rskiej pogody. Po godzinie \u015bnie\u017cyca usta\u0142a, a po kolejnej by\u0142o ju\u017c ca\u0142kiem [&hellip;]<\/p>\n","protected":false},"author":1,"featured_media":7266,"comment_status":"open","ping_status":"","sticky":false,"template":"","format":"standard","meta":{"footnotes":""},"categories":[2,156],"tags":[736,734,737,44,735,183,186],"class_list":["post-7265","post","type-post","status-publish","format-standard","has-post-thumbnail","hentry","category-kolej","category-rok-2018","tag-2018-03-26","tag-ospizio-bernina","tag-rhatische-bahn","tag-snieg","tag-stadler-allegra","tag-suissetrip-2018","tag-szwajcaria"],"_links":{"self":[{"href":"http:\/\/wgphoto.pl\/t\/index.php?rest_route=\/wp\/v2\/posts\/7265","targetHints":{"allow":["GET"]}}],"collection":[{"href":"http:\/\/wgphoto.pl\/t\/index.php?rest_route=\/wp\/v2\/posts"}],"about":[{"href":"http:\/\/wgphoto.pl\/t\/index.php?rest_route=\/wp\/v2\/types\/post"}],"author":[{"embeddable":true,"href":"http:\/\/wgphoto.pl\/t\/index.php?rest_route=\/wp\/v2\/users\/1"}],"replies":[{"embeddable":true,"href":"http:\/\/wgphoto.pl\/t\/index.php?rest_route=%2Fwp%2Fv2%2Fcomments&post=7265"}],"version-history":[{"count":1,"href":"http:\/\/wgphoto.pl\/t\/index.php?rest_route=\/wp\/v2\/posts\/7265\/revisions"}],"predecessor-version":[{"id":7267,"href":"http:\/\/wgphoto.pl\/t\/index.php?rest_route=\/wp\/v2\/posts\/7265\/revisions\/7267"}],"wp:featuredmedia":[{"embeddable":true,"href":"http:\/\/wgphoto.pl\/t\/index.php?rest_route=\/wp\/v2\/media\/7266"}],"wp:attachment":[{"href":"http:\/\/wgphoto.pl\/t\/index.php?rest_route=%2Fwp%2Fv2%2Fmedia&parent=7265"}],"wp:term":[{"taxonomy":"category","embeddable":true,"href":"http:\/\/wgphoto.pl\/t\/index.php?rest_route=%2Fwp%2Fv2%2Fcategories&post=7265"},{"taxonomy":"post_tag","embeddable":true,"href":"http:\/\/wgphoto.pl\/t\/index.php?rest_route=%2Fwp%2Fv2%2Ftags&post=7265"}],"curies":[{"name":"wp","href":"https:\/\/api.w.org\/{rel}","templated":true}]}}