{"id":7268,"date":"2024-12-10T19:59:51","date_gmt":"2024-12-10T18:59:51","guid":{"rendered":"https:\/\/wgphoto.pl\/t\/?p=7268"},"modified":"2024-12-10T19:59:51","modified_gmt":"2024-12-10T18:59:51","slug":"gorski-towos","status":"publish","type":"post","link":"http:\/\/wgphoto.pl\/t\/?p=7268","title":{"rendered":"G\u00f3rski towos"},"content":{"rendered":"\n<figure class=\"wp-block-image aligncenter size-full\"><img loading=\"lazy\" decoding=\"async\" width=\"1200\" height=\"795\" src=\"https:\/\/wgphoto.pl\/t\/wp-content\/uploads\/2024\/12\/IMGP8383.jpg\" alt=\"\" class=\"wp-image-7269\" srcset=\"http:\/\/wgphoto.pl\/t\/wp-content\/uploads\/2024\/12\/IMGP8383.jpg 1200w, http:\/\/wgphoto.pl\/t\/wp-content\/uploads\/2024\/12\/IMGP8383-300x199.jpg 300w, http:\/\/wgphoto.pl\/t\/wp-content\/uploads\/2024\/12\/IMGP8383-768x509.jpg 768w\" sizes=\"auto, (max-width: 1200px) 100vw, 1200px\" \/><\/figure>\n\n\n\n<div class=\"wp-block-group has-global-padding is-layout-constrained wp-block-group-is-layout-constrained\">\n<p>Poci\u0105g regionalny 1641 z St. Moritz do Tirano, prowadz\u0105cy na ko\u0144cu sk\u0142adu jeden wagon za\u0142adowany drewnem, przemierza g\u00f3rskie pustkowie zbli\u017caj\u0105c si\u0119 do najwy\u017cej po\u0142o\u017conego punktu na trasie &#8211; prze\u0142\u0119czy Bernina (2253 m n.p.m.). Nad prezentowan\u0105 scen\u0105 g\u00f3ruje szczyt Piz Alv (2975 m n.p.m.). 2018-03-26<\/p>\n<\/div>\n","protected":false},"excerpt":{"rendered":"<p>Poci\u0105g regionalny 1641 z St. Moritz do Tirano, prowadz\u0105cy na ko\u0144cu sk\u0142adu jeden wagon za\u0142adowany drewnem, przemierza g\u00f3rskie pustkowie zbli\u017caj\u0105c si\u0119 do najwy\u017cej po\u0142o\u017conego punktu na trasie &#8211; prze\u0142\u0119czy Bernina (2253 m n.p.m.). Nad prezentowan\u0105 scen\u0105 g\u00f3ruje szczyt Piz Alv (2975 m n.p.m.). 2018-03-26<\/p>\n","protected":false},"author":1,"featured_media":7269,"comment_status":"open","ping_status":"","sticky":false,"template":"","format":"standard","meta":{"footnotes":""},"categories":[2,156],"tags":[736,733,114,734,737,44,735,183,186],"class_list":["post-7268","post","type-post","status-publish","format-standard","has-post-thumbnail","hentry","category-kolej","category-rok-2018","tag-2018-03-26","tag-bernina-lagalb","tag-gory","tag-ospizio-bernina","tag-rhatische-bahn","tag-snieg","tag-stadler-allegra","tag-suissetrip-2018","tag-szwajcaria"],"_links":{"self":[{"href":"http:\/\/wgphoto.pl\/t\/index.php?rest_route=\/wp\/v2\/posts\/7268","targetHints":{"allow":["GET"]}}],"collection":[{"href":"http:\/\/wgphoto.pl\/t\/index.php?rest_route=\/wp\/v2\/posts"}],"about":[{"href":"http:\/\/wgphoto.pl\/t\/index.php?rest_route=\/wp\/v2\/types\/post"}],"author":[{"embeddable":true,"href":"http:\/\/wgphoto.pl\/t\/index.php?rest_route=\/wp\/v2\/users\/1"}],"replies":[{"embeddable":true,"href":"http:\/\/wgphoto.pl\/t\/index.php?rest_route=%2Fwp%2Fv2%2Fcomments&post=7268"}],"version-history":[{"count":1,"href":"http:\/\/wgphoto.pl\/t\/index.php?rest_route=\/wp\/v2\/posts\/7268\/revisions"}],"predecessor-version":[{"id":7270,"href":"http:\/\/wgphoto.pl\/t\/index.php?rest_route=\/wp\/v2\/posts\/7268\/revisions\/7270"}],"wp:featuredmedia":[{"embeddable":true,"href":"http:\/\/wgphoto.pl\/t\/index.php?rest_route=\/wp\/v2\/media\/7269"}],"wp:attachment":[{"href":"http:\/\/wgphoto.pl\/t\/index.php?rest_route=%2Fwp%2Fv2%2Fmedia&parent=7268"}],"wp:term":[{"taxonomy":"category","embeddable":true,"href":"http:\/\/wgphoto.pl\/t\/index.php?rest_route=%2Fwp%2Fv2%2Fcategories&post=7268"},{"taxonomy":"post_tag","embeddable":true,"href":"http:\/\/wgphoto.pl\/t\/index.php?rest_route=%2Fwp%2Fv2%2Ftags&post=7268"}],"curies":[{"name":"wp","href":"https:\/\/api.w.org\/{rel}","templated":true}]}}