{"id":7336,"date":"2024-12-11T19:30:59","date_gmt":"2024-12-11T18:30:59","guid":{"rendered":"https:\/\/wgphoto.pl\/t\/?p=7336"},"modified":"2024-12-11T19:31:57","modified_gmt":"2024-12-11T18:31:57","slug":"zapomnialem","status":"publish","type":"post","link":"http:\/\/wgphoto.pl\/t\/?p=7336","title":{"rendered":"Zapomnia\u0142em"},"content":{"rendered":"\n<figure class=\"wp-block-image aligncenter size-full\"><img loading=\"lazy\" decoding=\"async\" width=\"1400\" height=\"979\" src=\"https:\/\/wgphoto.pl\/t\/wp-content\/uploads\/2024\/12\/IMGP0229.jpg\" alt=\"\" class=\"wp-image-7337\" srcset=\"http:\/\/wgphoto.pl\/t\/wp-content\/uploads\/2024\/12\/IMGP0229.jpg 1400w, http:\/\/wgphoto.pl\/t\/wp-content\/uploads\/2024\/12\/IMGP0229-300x210.jpg 300w, http:\/\/wgphoto.pl\/t\/wp-content\/uploads\/2024\/12\/IMGP0229-768x537.jpg 768w\" sizes=\"auto, (max-width: 1400px) 100vw, 1400px\" \/><\/figure>\n\n\n\n<div class=\"wp-block-group has-global-padding is-layout-constrained wp-block-group-is-layout-constrained\">\n<p>Motorak 810.041-4, obs\u0142uguj\u0105cy kurs 27150 z Nov\u00e9ho Sedla, przejechawszy przez tunel pod loketsk\u0105 star\u00f3wk\u0105 oraz most nad Ohrz\u0105, za chwil\u0119 zatrzyma si\u0119 na ko\u0144cowym przystanku Loket p\u0159edm\u011bst\u00ed. Zupe\u0142nie zapomnia\u0142em, \u017ce jednak mam takie foto w najlepszym chyba kadrze z kr\u00f3ciutkiego, lecz bardzo fotogenicznego odcinka Loket &#8211; Loket p\u0159edm\u011bst\u00ed, kt\u00f3ry za kilka dni zniknie z rozk\u0142adu jazdy, gdy\u017c wszystkie kursy b\u0119da ko\u0144czy\u0142y bieg w dopravnie Loket (w dniu wykonania zdj\u0119cia czyni\u0142a to wi\u0119kszo\u015b\u0107 kurs\u00f3w, z wyj\u0105tkiem czterech). 13.04.2011<\/p>\n<\/div>\n","protected":false},"excerpt":{"rendered":"<p>Motorak 810.041-4, obs\u0142uguj\u0105cy kurs 27150 z Nov\u00e9ho Sedla, przejechawszy przez tunel pod loketsk\u0105 star\u00f3wk\u0105 oraz most nad Ohrz\u0105, za chwil\u0119 zatrzyma si\u0119 na ko\u0144cowym przystanku Loket p\u0159edm\u011bst\u00ed. Zupe\u0142nie zapomnia\u0142em, \u017ce jednak mam takie foto w najlepszym chyba kadrze z kr\u00f3ciutkiego, lecz bardzo fotogenicznego odcinka Loket &#8211; Loket p\u0159edm\u011bst\u00ed, kt\u00f3ry za kilka dni zniknie z rozk\u0142adu [&hellip;]<\/p>\n","protected":false},"author":1,"featured_media":7337,"comment_status":"open","ping_status":"","sticky":false,"template":"","format":"standard","meta":{"footnotes":""},"categories":[2,77],"tags":[752,92,50,49,13,113,196,2387,45,828],"class_list":["post-7336","post","type-post","status-publish","format-standard","has-post-thumbnail","hentry","category-kolej","category-rok-2011","tag-2011-04-13","tag-92","tag-cd","tag-czechy","tag-deszcz","tag-landszaft","tag-linie-raczej-lokalne","tag-loket-predmesti","tag-most","tag-tab-cz144"],"_links":{"self":[{"href":"http:\/\/wgphoto.pl\/t\/index.php?rest_route=\/wp\/v2\/posts\/7336","targetHints":{"allow":["GET"]}}],"collection":[{"href":"http:\/\/wgphoto.pl\/t\/index.php?rest_route=\/wp\/v2\/posts"}],"about":[{"href":"http:\/\/wgphoto.pl\/t\/index.php?rest_route=\/wp\/v2\/types\/post"}],"author":[{"embeddable":true,"href":"http:\/\/wgphoto.pl\/t\/index.php?rest_route=\/wp\/v2\/users\/1"}],"replies":[{"embeddable":true,"href":"http:\/\/wgphoto.pl\/t\/index.php?rest_route=%2Fwp%2Fv2%2Fcomments&post=7336"}],"version-history":[{"count":2,"href":"http:\/\/wgphoto.pl\/t\/index.php?rest_route=\/wp\/v2\/posts\/7336\/revisions"}],"predecessor-version":[{"id":7339,"href":"http:\/\/wgphoto.pl\/t\/index.php?rest_route=\/wp\/v2\/posts\/7336\/revisions\/7339"}],"wp:featuredmedia":[{"embeddable":true,"href":"http:\/\/wgphoto.pl\/t\/index.php?rest_route=\/wp\/v2\/media\/7337"}],"wp:attachment":[{"href":"http:\/\/wgphoto.pl\/t\/index.php?rest_route=%2Fwp%2Fv2%2Fmedia&parent=7336"}],"wp:term":[{"taxonomy":"category","embeddable":true,"href":"http:\/\/wgphoto.pl\/t\/index.php?rest_route=%2Fwp%2Fv2%2Fcategories&post=7336"},{"taxonomy":"post_tag","embeddable":true,"href":"http:\/\/wgphoto.pl\/t\/index.php?rest_route=%2Fwp%2Fv2%2Ftags&post=7336"}],"curies":[{"name":"wp","href":"https:\/\/api.w.org\/{rel}","templated":true}]}}