{"id":7340,"date":"2024-12-11T22:12:25","date_gmt":"2024-12-11T21:12:25","guid":{"rendered":"https:\/\/wgphoto.pl\/t\/?p=7340"},"modified":"2024-12-11T22:12:25","modified_gmt":"2024-12-11T21:12:25","slug":"co-dwa-sklady-to-nie-jeden","status":"publish","type":"post","link":"http:\/\/wgphoto.pl\/t\/?p=7340","title":{"rendered":"Co dwa sk\u0142ady to nie jeden"},"content":{"rendered":"\n<figure class=\"wp-block-image aligncenter size-full\"><img loading=\"lazy\" decoding=\"async\" width=\"1300\" height=\"862\" src=\"https:\/\/wgphoto.pl\/t\/wp-content\/uploads\/2024\/12\/0417-07.jpg\" alt=\"\" class=\"wp-image-7341\" srcset=\"http:\/\/wgphoto.pl\/t\/wp-content\/uploads\/2024\/12\/0417-07.jpg 1300w, http:\/\/wgphoto.pl\/t\/wp-content\/uploads\/2024\/12\/0417-07-300x199.jpg 300w, http:\/\/wgphoto.pl\/t\/wp-content\/uploads\/2024\/12\/0417-07-768x509.jpg 768w\" sizes=\"auto, (max-width: 1300px) 100vw, 1300px\" \/><\/figure>\n\n\n\n<div class=\"wp-block-group has-global-padding is-layout-constrained wp-block-group-is-layout-constrained\">\n<p>SP42-211 zatrzymuje si\u0119 w Gryficach z poci\u0105giem osobowym 826 z Goleniowa do Ko\u0142obrzegu. Po prawej stoi SP42-065 ze sk\u0142adem, kt\u00f3ry odjedzie do Ko\u0142obrzegu rano nast\u0119pnego dnia. Specjalnie pojecha\u0142em tam o takiej porze, \u017ceby z\u0142apa\u0107 dwa poci\u0105gi obok siebie. 29.07.2004<\/p>\n<\/div>\n","protected":false},"excerpt":{"rendered":"<p>SP42-211 zatrzymuje si\u0119 w Gryficach z poci\u0105giem osobowym 826 z Goleniowa do Ko\u0142obrzegu. Po prawej stoi SP42-065 ze sk\u0142adem, kt\u00f3ry odjedzie do Ko\u0142obrzegu rano nast\u0119pnego dnia. Specjalnie pojecha\u0142em tam o takiej porze, \u017ceby z\u0142apa\u0107 dwa poci\u0105gi obok siebie. 29.07.2004<\/p>\n","protected":false},"author":1,"featured_media":7341,"comment_status":"open","ping_status":"","sticky":false,"template":"","format":"standard","meta":{"footnotes":""},"categories":[62,2,61],"tags":[1661,2553,63,27,316,53,631],"class_list":["post-7340","post","type-post","status-publish","format-standard","has-post-thumbnail","hentry","category-analog","category-kolej","category-rok-2004","tag-2004-07-29","tag-gryfice","tag-pkp","tag-polska","tag-sp42","tag-sygnalizacja-ksztaltowa","tag-tab-pl"],"_links":{"self":[{"href":"http:\/\/wgphoto.pl\/t\/index.php?rest_route=\/wp\/v2\/posts\/7340","targetHints":{"allow":["GET"]}}],"collection":[{"href":"http:\/\/wgphoto.pl\/t\/index.php?rest_route=\/wp\/v2\/posts"}],"about":[{"href":"http:\/\/wgphoto.pl\/t\/index.php?rest_route=\/wp\/v2\/types\/post"}],"author":[{"embeddable":true,"href":"http:\/\/wgphoto.pl\/t\/index.php?rest_route=\/wp\/v2\/users\/1"}],"replies":[{"embeddable":true,"href":"http:\/\/wgphoto.pl\/t\/index.php?rest_route=%2Fwp%2Fv2%2Fcomments&post=7340"}],"version-history":[{"count":1,"href":"http:\/\/wgphoto.pl\/t\/index.php?rest_route=\/wp\/v2\/posts\/7340\/revisions"}],"predecessor-version":[{"id":7342,"href":"http:\/\/wgphoto.pl\/t\/index.php?rest_route=\/wp\/v2\/posts\/7340\/revisions\/7342"}],"wp:featuredmedia":[{"embeddable":true,"href":"http:\/\/wgphoto.pl\/t\/index.php?rest_route=\/wp\/v2\/media\/7341"}],"wp:attachment":[{"href":"http:\/\/wgphoto.pl\/t\/index.php?rest_route=%2Fwp%2Fv2%2Fmedia&parent=7340"}],"wp:term":[{"taxonomy":"category","embeddable":true,"href":"http:\/\/wgphoto.pl\/t\/index.php?rest_route=%2Fwp%2Fv2%2Fcategories&post=7340"},{"taxonomy":"post_tag","embeddable":true,"href":"http:\/\/wgphoto.pl\/t\/index.php?rest_route=%2Fwp%2Fv2%2Ftags&post=7340"}],"curies":[{"name":"wp","href":"https:\/\/api.w.org\/{rel}","templated":true}]}}