{"id":7343,"date":"2024-12-11T22:13:28","date_gmt":"2024-12-11T21:13:28","guid":{"rendered":"https:\/\/wgphoto.pl\/t\/?p=7343"},"modified":"2024-12-11T22:13:28","modified_gmt":"2024-12-11T21:13:28","slug":"kciuk-w-gore-od-motorniczego","status":"publish","type":"post","link":"http:\/\/wgphoto.pl\/t\/?p=7343","title":{"rendered":"Kciuk w g\u00f3r\u0119 od motorniczego"},"content":{"rendered":"\n<figure class=\"wp-block-image aligncenter size-full\"><img loading=\"lazy\" decoding=\"async\" width=\"1200\" height=\"852\" src=\"https:\/\/wgphoto.pl\/t\/wp-content\/uploads\/2024\/12\/IMGP2073.jpg\" alt=\"\" class=\"wp-image-7344\" srcset=\"http:\/\/wgphoto.pl\/t\/wp-content\/uploads\/2024\/12\/IMGP2073.jpg 1200w, http:\/\/wgphoto.pl\/t\/wp-content\/uploads\/2024\/12\/IMGP2073-300x213.jpg 300w, http:\/\/wgphoto.pl\/t\/wp-content\/uploads\/2024\/12\/IMGP2073-768x545.jpg 768w\" sizes=\"auto, (max-width: 1200px) 100vw, 1200px\" \/><\/figure>\n\n\n\n<div class=\"wp-block-group has-global-padding is-layout-constrained wp-block-group-is-layout-constrained\">\n<p>Arad, Bulevardul Revolu\u021biei. Wagon GT4 nr 02 z 1964 roku (ex-Ulm, exex-Stuttgart) mija ko\u015bci\u00f3\u0142 pw. \u015aw. Antoniego z Padwy. Dopiero teraz, obrabiaj\u0105c zdj\u0119cie, zauwa\u017cy\u0142em gest motorniczego. 19.08.2015<\/p>\n<\/div>\n","protected":false},"excerpt":{"rendered":"<p>Arad, Bulevardul Revolu\u021biei. Wagon GT4 nr 02 z 1964 roku (ex-Ulm, exex-Stuttgart) mija ko\u015bci\u00f3\u0142 pw. \u015aw. Antoniego z Padwy. Dopiero teraz, obrabiaj\u0105c zdj\u0119cie, zauwa\u017cy\u0142em gest motorniczego. 19.08.2015<\/p>\n","protected":false},"author":1,"featured_media":7344,"comment_status":"open","ping_status":"","sticky":false,"template":"","format":"standard","meta":{"footnotes":""},"categories":[104,3],"tags":[1173,1178,34,1177,1174,574,107],"class_list":["post-7343","post","type-post","status-publish","format-standard","has-post-thumbnail","hentry","category-rok-2015","category-tramwaj","tag-2015-08-19","tag-arad","tag-architektura","tag-ctp-arad","tag-gt4","tag-rumunia","tag-wakacje-2015"],"_links":{"self":[{"href":"http:\/\/wgphoto.pl\/t\/index.php?rest_route=\/wp\/v2\/posts\/7343","targetHints":{"allow":["GET"]}}],"collection":[{"href":"http:\/\/wgphoto.pl\/t\/index.php?rest_route=\/wp\/v2\/posts"}],"about":[{"href":"http:\/\/wgphoto.pl\/t\/index.php?rest_route=\/wp\/v2\/types\/post"}],"author":[{"embeddable":true,"href":"http:\/\/wgphoto.pl\/t\/index.php?rest_route=\/wp\/v2\/users\/1"}],"replies":[{"embeddable":true,"href":"http:\/\/wgphoto.pl\/t\/index.php?rest_route=%2Fwp%2Fv2%2Fcomments&post=7343"}],"version-history":[{"count":1,"href":"http:\/\/wgphoto.pl\/t\/index.php?rest_route=\/wp\/v2\/posts\/7343\/revisions"}],"predecessor-version":[{"id":7345,"href":"http:\/\/wgphoto.pl\/t\/index.php?rest_route=\/wp\/v2\/posts\/7343\/revisions\/7345"}],"wp:featuredmedia":[{"embeddable":true,"href":"http:\/\/wgphoto.pl\/t\/index.php?rest_route=\/wp\/v2\/media\/7344"}],"wp:attachment":[{"href":"http:\/\/wgphoto.pl\/t\/index.php?rest_route=%2Fwp%2Fv2%2Fmedia&parent=7343"}],"wp:term":[{"taxonomy":"category","embeddable":true,"href":"http:\/\/wgphoto.pl\/t\/index.php?rest_route=%2Fwp%2Fv2%2Fcategories&post=7343"},{"taxonomy":"post_tag","embeddable":true,"href":"http:\/\/wgphoto.pl\/t\/index.php?rest_route=%2Fwp%2Fv2%2Ftags&post=7343"}],"curies":[{"name":"wp","href":"https:\/\/api.w.org\/{rel}","templated":true}]}}