{"id":7399,"date":"2024-12-11T22:39:44","date_gmt":"2024-12-11T21:39:44","guid":{"rendered":"https:\/\/wgphoto.pl\/t\/?p=7399"},"modified":"2024-12-11T22:39:44","modified_gmt":"2024-12-11T21:39:44","slug":"boguszow","status":"publish","type":"post","link":"http:\/\/wgphoto.pl\/t\/?p=7399","title":{"rendered":"Bogusz\u00f3w"},"content":{"rendered":"\n<figure class=\"wp-block-image aligncenter size-full\"><img loading=\"lazy\" decoding=\"async\" width=\"1300\" height=\"827\" src=\"https:\/\/wgphoto.pl\/t\/wp-content\/uploads\/2024\/12\/0531-13.jpg\" alt=\"\" class=\"wp-image-7400\" srcset=\"http:\/\/wgphoto.pl\/t\/wp-content\/uploads\/2024\/12\/0531-13.jpg 1300w, http:\/\/wgphoto.pl\/t\/wp-content\/uploads\/2024\/12\/0531-13-300x191.jpg 300w, http:\/\/wgphoto.pl\/t\/wp-content\/uploads\/2024\/12\/0531-13-768x489.jpg 768w\" sizes=\"auto, (max-width: 1300px) 100vw, 1300px\" \/><\/figure>\n\n\n\n<div class=\"wp-block-group has-global-padding is-layout-constrained wp-block-group-is-layout-constrained\">\n<p>Nie do ko\u0144ca zidentyfikowany <em>byk<\/em> ET22-1162(?) z &#8222;podw\u00f3jnym&#8221; sk\u0142adem poci\u0105gu nr 215 do Jeleniej G\u00f3ry, kt\u00f3ry wr\u00f3ci do Wroc\u0142awia jako dwa osobne sk\u0142ady, z\u0142apany pomi\u0119dzy Boguszowem (widocznym w tle) a Gorcami, lub &#8211; w kolejowej nomenklaturze &#8211; na szlaku Bogusz\u00f3w-Gorce &#8211; Bogusz\u00f3w-Gorce Zach\u00f3d. 29.10.2005<\/p>\n<\/div>\n","protected":false},"excerpt":{"rendered":"<p>Nie do ko\u0144ca zidentyfikowany byk ET22-1162(?) z &#8222;podw\u00f3jnym&#8221; sk\u0142adem poci\u0105gu nr 215 do Jeleniej G\u00f3ry, kt\u00f3ry wr\u00f3ci do Wroc\u0142awia jako dwa osobne sk\u0142ady, z\u0142apany pomi\u0119dzy Boguszowem (widocznym w tle) a Gorcami, lub &#8211; w kolejowej nomenklaturze &#8211; na szlaku Bogusz\u00f3w-Gorce &#8211; Bogusz\u00f3w-Gorce Zach\u00f3d. 29.10.2005<\/p>\n","protected":false},"author":1,"featured_media":7400,"comment_status":"open","ping_status":"","sticky":false,"template":"","format":"standard","meta":{"footnotes":""},"categories":[62,2,311],"tags":[2571,288,1035,1119,26,126,113,63,27,200],"class_list":["post-7399","post","type-post","status-publish","format-standard","has-post-thumbnail","hentry","category-analog","category-kolej","category-rok-2005","tag-2005-10-29","tag-bipa","tag-boguszow-gorce","tag-boguszow-gorce-zachod","tag-et22","tag-jesien","tag-landszaft","tag-pkp","tag-polska","tag-tab-pl240"],"_links":{"self":[{"href":"http:\/\/wgphoto.pl\/t\/index.php?rest_route=\/wp\/v2\/posts\/7399","targetHints":{"allow":["GET"]}}],"collection":[{"href":"http:\/\/wgphoto.pl\/t\/index.php?rest_route=\/wp\/v2\/posts"}],"about":[{"href":"http:\/\/wgphoto.pl\/t\/index.php?rest_route=\/wp\/v2\/types\/post"}],"author":[{"embeddable":true,"href":"http:\/\/wgphoto.pl\/t\/index.php?rest_route=\/wp\/v2\/users\/1"}],"replies":[{"embeddable":true,"href":"http:\/\/wgphoto.pl\/t\/index.php?rest_route=%2Fwp%2Fv2%2Fcomments&post=7399"}],"version-history":[{"count":1,"href":"http:\/\/wgphoto.pl\/t\/index.php?rest_route=\/wp\/v2\/posts\/7399\/revisions"}],"predecessor-version":[{"id":7401,"href":"http:\/\/wgphoto.pl\/t\/index.php?rest_route=\/wp\/v2\/posts\/7399\/revisions\/7401"}],"wp:featuredmedia":[{"embeddable":true,"href":"http:\/\/wgphoto.pl\/t\/index.php?rest_route=\/wp\/v2\/media\/7400"}],"wp:attachment":[{"href":"http:\/\/wgphoto.pl\/t\/index.php?rest_route=%2Fwp%2Fv2%2Fmedia&parent=7399"}],"wp:term":[{"taxonomy":"category","embeddable":true,"href":"http:\/\/wgphoto.pl\/t\/index.php?rest_route=%2Fwp%2Fv2%2Fcategories&post=7399"},{"taxonomy":"post_tag","embeddable":true,"href":"http:\/\/wgphoto.pl\/t\/index.php?rest_route=%2Fwp%2Fv2%2Ftags&post=7399"}],"curies":[{"name":"wp","href":"https:\/\/api.w.org\/{rel}","templated":true}]}}