{"id":7405,"date":"2024-12-11T22:41:43","date_gmt":"2024-12-11T21:41:43","guid":{"rendered":"https:\/\/wgphoto.pl\/t\/?p=7405"},"modified":"2024-12-11T22:41:43","modified_gmt":"2024-12-11T21:41:43","slug":"krotka-bajka-o-literkach","status":"publish","type":"post","link":"http:\/\/wgphoto.pl\/t\/?p=7405","title":{"rendered":"Kr\u00f3tka bajka o literkach"},"content":{"rendered":"\n<figure class=\"wp-block-image aligncenter size-full\"><img loading=\"lazy\" decoding=\"async\" width=\"1300\" height=\"867\" src=\"https:\/\/wgphoto.pl\/t\/wp-content\/uploads\/2024\/12\/0718-36.jpg\" alt=\"\" class=\"wp-image-7406\" srcset=\"http:\/\/wgphoto.pl\/t\/wp-content\/uploads\/2024\/12\/0718-36.jpg 1300w, http:\/\/wgphoto.pl\/t\/wp-content\/uploads\/2024\/12\/0718-36-300x200.jpg 300w, http:\/\/wgphoto.pl\/t\/wp-content\/uploads\/2024\/12\/0718-36-768x512.jpg 768w\" sizes=\"auto, (max-width: 1300px) 100vw, 1300px\" \/><\/figure>\n\n\n\n<div class=\"wp-block-group has-global-padding is-layout-constrained wp-block-group-is-layout-constrained\">\n<p>Wiede\u0144, Taborstra\u00dfe, E<sub>1<\/sub>+c<sub>3<\/sub> 4746+1303. Na uwag\u0119 zas\u0142uguje oznaczenie linii, wpisuj\u0105ce si\u0119 w wiede\u0144ski schemat, zgodnie z kt\u00f3rym oznaczenia literowe otrzymywa\u0142y linie przeje\u017cd\u017caj\u0105ce przez fragment Ringu oraz &#8211; na jednym lub obu ko\u0144cach trasy &#8211; przez linie wybiegaj\u0105ce z Ringu promieni\u015bcie (we Wroc\u0142awiu by\u0142aby to np. 1 lub 16, je\u015bli za Ring przyjmiemy tras\u0119 zer\u00f3wki). Oznaczenia rozpoczyna\u0142y si\u0119 od osi Praterstra\u00dfe, przeciwnie do ruchu wskaz\u00f3wek zegara w porz\u0105dku rosn\u0105cym. Za &#8222;moich czas\u00f3w&#8221; istnia\u0142y linie D, J, N i O, lecz w 2008 roku w wyniku korekty tras odcinki obs\u0142ugiwane przez J i N w\u0142\u0105czono w trasy linii 1 i 2, chocia\u017c zgodnie z zasadami numeracji, to 1 i 2 powinny zosta\u0107 w\u0142\u0105czone w J i N (czy tam inne literki). Oznaczenie linii O jest zasz\u0142o\u015bci\u0105 historyczn\u0105 od roku 1980, kiedy przeniesiono j\u0105 z Ringu na s\u0105siednie ulice. Kryteria oznacze\u0144 literowych spe\u0142nia natomiast trasa linii D. Dla ujednolicenia numeracji planwano zmieni\u0107 jej numer na 3 (wraz ze zmian\u0105 tras 1 i 2), lecz ostatecznie do tego nie dosz\u0142o, gdy\u017c uznano, \u017ce \u00f3wczesny brak zmiany trasy linii D nie jest pretekstem do zmiany oznaczenia. 07.08.2007<\/p>\n<\/div>\n","protected":false},"excerpt":{"rendered":"<p>Wiede\u0144, Taborstra\u00dfe, E1+c3 4746+1303. Na uwag\u0119 zas\u0142uguje oznaczenie linii, wpisuj\u0105ce si\u0119 w wiede\u0144ski schemat, zgodnie z kt\u00f3rym oznaczenia literowe otrzymywa\u0142y linie przeje\u017cd\u017caj\u0105ce przez fragment Ringu oraz &#8211; na jednym lub obu ko\u0144cach trasy &#8211; przez linie wybiegaj\u0105ce z Ringu promieni\u015bcie (we Wroc\u0142awiu by\u0142aby to np. 1 lub 16, je\u015bli za Ring przyjmiemy tras\u0119 zer\u00f3wki). Oznaczenia [&hellip;]<\/p>\n","protected":false},"author":1,"featured_media":7406,"comment_status":"open","ping_status":"","sticky":false,"template":"","format":"standard","meta":{"footnotes":""},"categories":[62,96,3],"tags":[2504,9,102,101,97,98],"class_list":["post-7405","post","type-post","status-publish","format-standard","has-post-thumbnail","hentry","category-analog","category-rok-2007","category-tramwaj","tag-2007-08-07","tag-austria","tag-e1","tag-gt6","tag-wieden","tag-wiener-linien"],"_links":{"self":[{"href":"http:\/\/wgphoto.pl\/t\/index.php?rest_route=\/wp\/v2\/posts\/7405","targetHints":{"allow":["GET"]}}],"collection":[{"href":"http:\/\/wgphoto.pl\/t\/index.php?rest_route=\/wp\/v2\/posts"}],"about":[{"href":"http:\/\/wgphoto.pl\/t\/index.php?rest_route=\/wp\/v2\/types\/post"}],"author":[{"embeddable":true,"href":"http:\/\/wgphoto.pl\/t\/index.php?rest_route=\/wp\/v2\/users\/1"}],"replies":[{"embeddable":true,"href":"http:\/\/wgphoto.pl\/t\/index.php?rest_route=%2Fwp%2Fv2%2Fcomments&post=7405"}],"version-history":[{"count":1,"href":"http:\/\/wgphoto.pl\/t\/index.php?rest_route=\/wp\/v2\/posts\/7405\/revisions"}],"predecessor-version":[{"id":7407,"href":"http:\/\/wgphoto.pl\/t\/index.php?rest_route=\/wp\/v2\/posts\/7405\/revisions\/7407"}],"wp:featuredmedia":[{"embeddable":true,"href":"http:\/\/wgphoto.pl\/t\/index.php?rest_route=\/wp\/v2\/media\/7406"}],"wp:attachment":[{"href":"http:\/\/wgphoto.pl\/t\/index.php?rest_route=%2Fwp%2Fv2%2Fmedia&parent=7405"}],"wp:term":[{"taxonomy":"category","embeddable":true,"href":"http:\/\/wgphoto.pl\/t\/index.php?rest_route=%2Fwp%2Fv2%2Fcategories&post=7405"},{"taxonomy":"post_tag","embeddable":true,"href":"http:\/\/wgphoto.pl\/t\/index.php?rest_route=%2Fwp%2Fv2%2Ftags&post=7405"}],"curies":[{"name":"wp","href":"https:\/\/api.w.org\/{rel}","templated":true}]}}