{"id":7408,"date":"2024-12-11T22:42:48","date_gmt":"2024-12-11T21:42:48","guid":{"rendered":"https:\/\/wgphoto.pl\/t\/?p=7408"},"modified":"2024-12-11T22:42:48","modified_gmt":"2024-12-11T21:42:48","slug":"skandynawska-jesien","status":"publish","type":"post","link":"http:\/\/wgphoto.pl\/t\/?p=7408","title":{"rendered":"Skandynawska jesie\u0144"},"content":{"rendered":"\n<figure class=\"wp-block-image aligncenter size-full\"><img loading=\"lazy\" decoding=\"async\" width=\"1300\" height=\"861\" src=\"https:\/\/wgphoto.pl\/t\/wp-content\/uploads\/2024\/12\/IMGP4463.jpg\" alt=\"\" class=\"wp-image-7409\" srcset=\"http:\/\/wgphoto.pl\/t\/wp-content\/uploads\/2024\/12\/IMGP4463.jpg 1300w, http:\/\/wgphoto.pl\/t\/wp-content\/uploads\/2024\/12\/IMGP4463-300x199.jpg 300w, http:\/\/wgphoto.pl\/t\/wp-content\/uploads\/2024\/12\/IMGP4463-768x509.jpg 768w\" sizes=\"auto, (max-width: 1300px) 100vw, 1300px\" \/><\/figure>\n\n\n\n<div class=\"wp-block-group has-global-padding is-layout-constrained wp-block-group-is-layout-constrained\">\n<p>Zestaw typu C30, prowadzony jednostk\u0105 nr 2315, zbli\u017ca si\u0119 do stacji Axelsberg w Sztokholmie. 24.09.2021<\/p>\n<\/div>\n","protected":false},"excerpt":{"rendered":"<p>Zestaw typu C30, prowadzony jednostk\u0105 nr 2315, zbli\u017ca si\u0119 do stacji Axelsberg w Sztokholmie. 24.09.2021<\/p>\n","protected":false},"author":1,"featured_media":7409,"comment_status":"open","ping_status":"","sticky":false,"template":"","format":"standard","meta":{"footnotes":""},"categories":[4,681],"tags":[684,2199,126,682,1127,686,685,687],"class_list":["post-7408","post","type-post","status-publish","format-standard","has-post-thumbnail","hentry","category-metro","category-rok-2021","tag-2021-09-24","tag-c30","tag-jesien","tag-sl-stockholm","tag-stockholms-tunnelbana","tag-sztokholm","tag-szwecja","tag-szwecja-2021"],"_links":{"self":[{"href":"http:\/\/wgphoto.pl\/t\/index.php?rest_route=\/wp\/v2\/posts\/7408","targetHints":{"allow":["GET"]}}],"collection":[{"href":"http:\/\/wgphoto.pl\/t\/index.php?rest_route=\/wp\/v2\/posts"}],"about":[{"href":"http:\/\/wgphoto.pl\/t\/index.php?rest_route=\/wp\/v2\/types\/post"}],"author":[{"embeddable":true,"href":"http:\/\/wgphoto.pl\/t\/index.php?rest_route=\/wp\/v2\/users\/1"}],"replies":[{"embeddable":true,"href":"http:\/\/wgphoto.pl\/t\/index.php?rest_route=%2Fwp%2Fv2%2Fcomments&post=7408"}],"version-history":[{"count":1,"href":"http:\/\/wgphoto.pl\/t\/index.php?rest_route=\/wp\/v2\/posts\/7408\/revisions"}],"predecessor-version":[{"id":7410,"href":"http:\/\/wgphoto.pl\/t\/index.php?rest_route=\/wp\/v2\/posts\/7408\/revisions\/7410"}],"wp:featuredmedia":[{"embeddable":true,"href":"http:\/\/wgphoto.pl\/t\/index.php?rest_route=\/wp\/v2\/media\/7409"}],"wp:attachment":[{"href":"http:\/\/wgphoto.pl\/t\/index.php?rest_route=%2Fwp%2Fv2%2Fmedia&parent=7408"}],"wp:term":[{"taxonomy":"category","embeddable":true,"href":"http:\/\/wgphoto.pl\/t\/index.php?rest_route=%2Fwp%2Fv2%2Fcategories&post=7408"},{"taxonomy":"post_tag","embeddable":true,"href":"http:\/\/wgphoto.pl\/t\/index.php?rest_route=%2Fwp%2Fv2%2Ftags&post=7408"}],"curies":[{"name":"wp","href":"https:\/\/api.w.org\/{rel}","templated":true}]}}