{"id":7445,"date":"2024-12-12T16:32:27","date_gmt":"2024-12-12T15:32:27","guid":{"rendered":"https:\/\/wgphoto.pl\/t\/?p=7445"},"modified":"2024-12-12T16:32:27","modified_gmt":"2024-12-12T15:32:27","slug":"endstation-postmodernism","status":"publish","type":"post","link":"http:\/\/wgphoto.pl\/t\/?p=7445","title":{"rendered":"Endstation Postmodernism"},"content":{"rendered":"\n<figure class=\"wp-block-image aligncenter size-full\"><img loading=\"lazy\" decoding=\"async\" width=\"1300\" height=\"843\" src=\"https:\/\/wgphoto.pl\/t\/wp-content\/uploads\/2024\/12\/IMGP3185.jpg\" alt=\"\" class=\"wp-image-7446\" srcset=\"http:\/\/wgphoto.pl\/t\/wp-content\/uploads\/2024\/12\/IMGP3185.jpg 1300w, http:\/\/wgphoto.pl\/t\/wp-content\/uploads\/2024\/12\/IMGP3185-300x195.jpg 300w, http:\/\/wgphoto.pl\/t\/wp-content\/uploads\/2024\/12\/IMGP3185-768x498.jpg 768w\" sizes=\"auto, (max-width: 1300px) 100vw, 1300px\" \/><\/figure>\n\n\n\n<div class=\"wp-block-group has-global-padding is-layout-constrained wp-block-group-is-layout-constrained\">\n<p>Berlin, Rathaus Spandau. Poci\u0105g typu F92 sko\u0144czy\u0142 bieg. Uj\u0119cie z pojazdem w bezruchu by\u0142o z kolei trudne do wykonania ze wzgl\u0119du na brak miejsca. \u017beby z\u0142apa\u0107 fragmenty kolumn po prawej i lewej musia\u0142em si\u0119 przytuli\u0107 do barierki na ko\u0144cu peronu. 14.09.2021<\/p>\n<\/div>\n","protected":false},"excerpt":{"rendered":"<p>Berlin, Rathaus Spandau. Poci\u0105g typu F92 sko\u0144czy\u0142 bieg. Uj\u0119cie z pojazdem w bezruchu by\u0142o z kolei trudne do wykonania ze wzgl\u0119du na brak miejsca. \u017beby z\u0142apa\u0107 fragmenty kolumn po prawej i lewej musia\u0142em si\u0119 przytuli\u0107 do barierki na ko\u0144cu peronu. 14.09.2021<\/p>\n","protected":false},"author":1,"featured_media":7446,"comment_status":"open","ping_status":"","sticky":false,"template":"","format":"standard","meta":{"footnotes":""},"categories":[4,681],"tags":[2564,639,1628,2578,173,23,2202,2562,15,2565],"class_list":["post-7445","post","type-post","status-publish","format-standard","has-post-thumbnail","hentry","category-metro","category-rok-2021","tag-2021-09-14","tag-berlin","tag-bvg-berlin","tag-bvg-f","tag-koncowki","tag-niemcy","tag-niemieckie-wakacje-2021","tag-stacje-berlinskiego-metra","tag-tunel","tag-u-bahn-berlin"],"_links":{"self":[{"href":"http:\/\/wgphoto.pl\/t\/index.php?rest_route=\/wp\/v2\/posts\/7445","targetHints":{"allow":["GET"]}}],"collection":[{"href":"http:\/\/wgphoto.pl\/t\/index.php?rest_route=\/wp\/v2\/posts"}],"about":[{"href":"http:\/\/wgphoto.pl\/t\/index.php?rest_route=\/wp\/v2\/types\/post"}],"author":[{"embeddable":true,"href":"http:\/\/wgphoto.pl\/t\/index.php?rest_route=\/wp\/v2\/users\/1"}],"replies":[{"embeddable":true,"href":"http:\/\/wgphoto.pl\/t\/index.php?rest_route=%2Fwp%2Fv2%2Fcomments&post=7445"}],"version-history":[{"count":1,"href":"http:\/\/wgphoto.pl\/t\/index.php?rest_route=\/wp\/v2\/posts\/7445\/revisions"}],"predecessor-version":[{"id":7447,"href":"http:\/\/wgphoto.pl\/t\/index.php?rest_route=\/wp\/v2\/posts\/7445\/revisions\/7447"}],"wp:featuredmedia":[{"embeddable":true,"href":"http:\/\/wgphoto.pl\/t\/index.php?rest_route=\/wp\/v2\/media\/7446"}],"wp:attachment":[{"href":"http:\/\/wgphoto.pl\/t\/index.php?rest_route=%2Fwp%2Fv2%2Fmedia&parent=7445"}],"wp:term":[{"taxonomy":"category","embeddable":true,"href":"http:\/\/wgphoto.pl\/t\/index.php?rest_route=%2Fwp%2Fv2%2Fcategories&post=7445"},{"taxonomy":"post_tag","embeddable":true,"href":"http:\/\/wgphoto.pl\/t\/index.php?rest_route=%2Fwp%2Fv2%2Ftags&post=7445"}],"curies":[{"name":"wp","href":"https:\/\/api.w.org\/{rel}","templated":true}]}}