{"id":7451,"date":"2024-12-12T16:34:32","date_gmt":"2024-12-12T15:34:32","guid":{"rendered":"https:\/\/wgphoto.pl\/t\/?p=7451"},"modified":"2024-12-12T16:34:32","modified_gmt":"2024-12-12T15:34:32","slug":"bialy-postmodernizm","status":"publish","type":"post","link":"http:\/\/wgphoto.pl\/t\/?p=7451","title":{"rendered":"Bia\u0142y postmodernizm"},"content":{"rendered":"\n<figure class=\"wp-block-image aligncenter size-full\"><img loading=\"lazy\" decoding=\"async\" width=\"1300\" height=\"861\" src=\"https:\/\/wgphoto.pl\/t\/wp-content\/uploads\/2024\/12\/IMGP3192.jpg\" alt=\"\" class=\"wp-image-7452\" srcset=\"http:\/\/wgphoto.pl\/t\/wp-content\/uploads\/2024\/12\/IMGP3192.jpg 1300w, http:\/\/wgphoto.pl\/t\/wp-content\/uploads\/2024\/12\/IMGP3192-300x199.jpg 300w, http:\/\/wgphoto.pl\/t\/wp-content\/uploads\/2024\/12\/IMGP3192-768x509.jpg 768w\" sizes=\"auto, (max-width: 1300px) 100vw, 1300px\" \/><\/figure>\n\n\n\n<div class=\"wp-block-group has-global-padding is-layout-constrained wp-block-group-is-layout-constrained\">\n<p>Stacja Altstadt Spandau, s\u0105siednia wzgl\u0119dem poprzedniego zdj\u0119cia. 14.09.2021<\/p>\n<\/div>\n","protected":false},"excerpt":{"rendered":"<p>Stacja Altstadt Spandau, s\u0105siednia wzgl\u0119dem poprzedniego zdj\u0119cia. 14.09.2021<\/p>\n","protected":false},"author":1,"featured_media":7452,"comment_status":"open","ping_status":"","sticky":false,"template":"","format":"standard","meta":{"footnotes":""},"categories":[220,4,681],"tags":[2564,639,1628,23,2202,2562,15,2565],"class_list":["post-7451","post","type-post","status-publish","format-standard","has-post-thumbnail","hentry","category-blo","category-metro","category-rok-2021","tag-2021-09-14","tag-berlin","tag-bvg-berlin","tag-niemcy","tag-niemieckie-wakacje-2021","tag-stacje-berlinskiego-metra","tag-tunel","tag-u-bahn-berlin"],"_links":{"self":[{"href":"http:\/\/wgphoto.pl\/t\/index.php?rest_route=\/wp\/v2\/posts\/7451","targetHints":{"allow":["GET"]}}],"collection":[{"href":"http:\/\/wgphoto.pl\/t\/index.php?rest_route=\/wp\/v2\/posts"}],"about":[{"href":"http:\/\/wgphoto.pl\/t\/index.php?rest_route=\/wp\/v2\/types\/post"}],"author":[{"embeddable":true,"href":"http:\/\/wgphoto.pl\/t\/index.php?rest_route=\/wp\/v2\/users\/1"}],"replies":[{"embeddable":true,"href":"http:\/\/wgphoto.pl\/t\/index.php?rest_route=%2Fwp%2Fv2%2Fcomments&post=7451"}],"version-history":[{"count":1,"href":"http:\/\/wgphoto.pl\/t\/index.php?rest_route=\/wp\/v2\/posts\/7451\/revisions"}],"predecessor-version":[{"id":7453,"href":"http:\/\/wgphoto.pl\/t\/index.php?rest_route=\/wp\/v2\/posts\/7451\/revisions\/7453"}],"wp:featuredmedia":[{"embeddable":true,"href":"http:\/\/wgphoto.pl\/t\/index.php?rest_route=\/wp\/v2\/media\/7452"}],"wp:attachment":[{"href":"http:\/\/wgphoto.pl\/t\/index.php?rest_route=%2Fwp%2Fv2%2Fmedia&parent=7451"}],"wp:term":[{"taxonomy":"category","embeddable":true,"href":"http:\/\/wgphoto.pl\/t\/index.php?rest_route=%2Fwp%2Fv2%2Fcategories&post=7451"},{"taxonomy":"post_tag","embeddable":true,"href":"http:\/\/wgphoto.pl\/t\/index.php?rest_route=%2Fwp%2Fv2%2Ftags&post=7451"}],"curies":[{"name":"wp","href":"https:\/\/api.w.org\/{rel}","templated":true}]}}