{"id":7475,"date":"2024-12-12T16:46:05","date_gmt":"2024-12-12T15:46:05","guid":{"rendered":"https:\/\/wgphoto.pl\/t\/?p=7475"},"modified":"2024-12-12T16:46:05","modified_gmt":"2024-12-12T15:46:05","slug":"mockernbrucke-w-poziomie","status":"publish","type":"post","link":"http:\/\/wgphoto.pl\/t\/?p=7475","title":{"rendered":"M\u00f6ckernbr\u00fccke w poziomie"},"content":{"rendered":"\n<figure class=\"wp-block-image aligncenter size-full\"><img loading=\"lazy\" decoding=\"async\" width=\"1300\" height=\"861\" src=\"https:\/\/wgphoto.pl\/t\/wp-content\/uploads\/2024\/12\/IMGP3262-1.jpg\" alt=\"\" class=\"wp-image-7476\" srcset=\"http:\/\/wgphoto.pl\/t\/wp-content\/uploads\/2024\/12\/IMGP3262-1.jpg 1300w, http:\/\/wgphoto.pl\/t\/wp-content\/uploads\/2024\/12\/IMGP3262-1-300x199.jpg 300w, http:\/\/wgphoto.pl\/t\/wp-content\/uploads\/2024\/12\/IMGP3262-1-768x509.jpg 768w\" sizes=\"auto, (max-width: 1300px) 100vw, 1300px\" \/><\/figure>\n\n\n\n<div class=\"wp-block-group has-global-padding is-layout-constrained wp-block-group-is-layout-constrained\">\n<p>Zestaw wagon\u00f3w A3L92 rusza ze stacji M\u00f6ckernbr\u00fccke w Berlinie. Odbicie lustrzane funduje Landwehrkanal, \u0142\u0105cz\u0105cy g\u00f3rn\u0105 i doln\u0105 Sprew\u0119. 15.09.2021<\/p>\n<\/div>\n","protected":false},"excerpt":{"rendered":"<p>Zestaw wagon\u00f3w A3L92 rusza ze stacji M\u00f6ckernbr\u00fccke w Berlinie. Odbicie lustrzane funduje Landwehrkanal, \u0142\u0105cz\u0105cy g\u00f3rn\u0105 i doln\u0105 Sprew\u0119. 15.09.2021<\/p>\n","protected":false},"author":1,"featured_media":7476,"comment_status":"open","ping_status":"","sticky":false,"template":"","format":"standard","meta":{"footnotes":""},"categories":[4,681],"tags":[2579,639,2582,1628,179,395,45,23,2202,73,2565],"class_list":["post-7475","post","type-post","status-publish","format-standard","has-post-thumbnail","hentry","category-metro","category-rok-2021","tag-2021-09-15","tag-berlin","tag-bvg-a3","tag-bvg-berlin","tag-hala-peronowa","tag-lustro","tag-most","tag-niemcy","tag-niemieckie-wakacje-2021","tag-rzeka","tag-u-bahn-berlin"],"_links":{"self":[{"href":"http:\/\/wgphoto.pl\/t\/index.php?rest_route=\/wp\/v2\/posts\/7475","targetHints":{"allow":["GET"]}}],"collection":[{"href":"http:\/\/wgphoto.pl\/t\/index.php?rest_route=\/wp\/v2\/posts"}],"about":[{"href":"http:\/\/wgphoto.pl\/t\/index.php?rest_route=\/wp\/v2\/types\/post"}],"author":[{"embeddable":true,"href":"http:\/\/wgphoto.pl\/t\/index.php?rest_route=\/wp\/v2\/users\/1"}],"replies":[{"embeddable":true,"href":"http:\/\/wgphoto.pl\/t\/index.php?rest_route=%2Fwp%2Fv2%2Fcomments&post=7475"}],"version-history":[{"count":1,"href":"http:\/\/wgphoto.pl\/t\/index.php?rest_route=\/wp\/v2\/posts\/7475\/revisions"}],"predecessor-version":[{"id":7477,"href":"http:\/\/wgphoto.pl\/t\/index.php?rest_route=\/wp\/v2\/posts\/7475\/revisions\/7477"}],"wp:featuredmedia":[{"embeddable":true,"href":"http:\/\/wgphoto.pl\/t\/index.php?rest_route=\/wp\/v2\/media\/7476"}],"wp:attachment":[{"href":"http:\/\/wgphoto.pl\/t\/index.php?rest_route=%2Fwp%2Fv2%2Fmedia&parent=7475"}],"wp:term":[{"taxonomy":"category","embeddable":true,"href":"http:\/\/wgphoto.pl\/t\/index.php?rest_route=%2Fwp%2Fv2%2Fcategories&post=7475"},{"taxonomy":"post_tag","embeddable":true,"href":"http:\/\/wgphoto.pl\/t\/index.php?rest_route=%2Fwp%2Fv2%2Ftags&post=7475"}],"curies":[{"name":"wp","href":"https:\/\/api.w.org\/{rel}","templated":true}]}}