{"id":7518,"date":"2024-12-13T18:11:42","date_gmt":"2024-12-13T17:11:42","guid":{"rendered":"https:\/\/wgphoto.pl\/t\/?p=7518"},"modified":"2024-12-13T18:13:04","modified_gmt":"2024-12-13T17:13:04","slug":"dwa","status":"publish","type":"post","link":"http:\/\/wgphoto.pl\/t\/?p=7518","title":{"rendered":"Dwa"},"content":{"rendered":"\n<figure class=\"wp-block-image aligncenter size-full\"><img loading=\"lazy\" decoding=\"async\" width=\"1200\" height=\"800\" src=\"https:\/\/wgphoto.pl\/t\/wp-content\/uploads\/2024\/12\/IMGP3780.jpg\" alt=\"\" class=\"wp-image-7519\" srcset=\"http:\/\/wgphoto.pl\/t\/wp-content\/uploads\/2024\/12\/IMGP3780.jpg 1200w, http:\/\/wgphoto.pl\/t\/wp-content\/uploads\/2024\/12\/IMGP3780-300x200.jpg 300w, http:\/\/wgphoto.pl\/t\/wp-content\/uploads\/2024\/12\/IMGP3780-768x512.jpg 768w\" sizes=\"auto, (max-width: 1200px) 100vw, 1200px\" \/><\/figure>\n\n\n\n<div class=\"wp-block-group has-global-padding is-layout-constrained wp-block-group-is-layout-constrained\">\n<p>Kadr z atrybutem lokalizacyjnym. Stacja prezentuje si\u0119 w takim uj\u0119ciu ca\u0142kiem powa\u017cnie, tylko\u2026 budynek z nazw\u0105 stacji nie jest budynkiem stacyjnym (to by\u0142o, zdaje si\u0119, jakie\u015b pocztowo-baga\u017cowe zaplecze). Niski budynek dworca widoczny jest na ko\u0144cu czo\u0142owych peron\u00f3w. 28.05.2013<\/p>\n<\/div>\n","protected":false},"excerpt":{"rendered":"<p>Kadr z atrybutem lokalizacyjnym. Stacja prezentuje si\u0119 w takim uj\u0119ciu ca\u0142kiem powa\u017cnie, tylko\u2026 budynek z nazw\u0105 stacji nie jest budynkiem stacyjnym (to by\u0142o, zdaje si\u0119, jakie\u015b pocztowo-baga\u017cowe zaplecze). Niski budynek dworca widoczny jest na ko\u0144cu czo\u0142owych peron\u00f3w. 28.05.2013<\/p>\n","protected":false},"author":1,"featured_media":7519,"comment_status":"open","ping_status":"","sticky":false,"template":"","format":"standard","meta":{"footnotes":""},"categories":[2,55],"tags":[1134,612,59,1131,2597,1132],"class_list":["post-7518","post","type-post","status-publish","format-standard","has-post-thumbnail","hentry","category-kolej","category-rok-2013","tag-2013-05-28","tag-druga-majowka-2013","tag-er2","tag-estonia","tag-evr","tag-tallinn"],"_links":{"self":[{"href":"http:\/\/wgphoto.pl\/t\/index.php?rest_route=\/wp\/v2\/posts\/7518","targetHints":{"allow":["GET"]}}],"collection":[{"href":"http:\/\/wgphoto.pl\/t\/index.php?rest_route=\/wp\/v2\/posts"}],"about":[{"href":"http:\/\/wgphoto.pl\/t\/index.php?rest_route=\/wp\/v2\/types\/post"}],"author":[{"embeddable":true,"href":"http:\/\/wgphoto.pl\/t\/index.php?rest_route=\/wp\/v2\/users\/1"}],"replies":[{"embeddable":true,"href":"http:\/\/wgphoto.pl\/t\/index.php?rest_route=%2Fwp%2Fv2%2Fcomments&post=7518"}],"version-history":[{"count":1,"href":"http:\/\/wgphoto.pl\/t\/index.php?rest_route=\/wp\/v2\/posts\/7518\/revisions"}],"predecessor-version":[{"id":7520,"href":"http:\/\/wgphoto.pl\/t\/index.php?rest_route=\/wp\/v2\/posts\/7518\/revisions\/7520"}],"wp:featuredmedia":[{"embeddable":true,"href":"http:\/\/wgphoto.pl\/t\/index.php?rest_route=\/wp\/v2\/media\/7519"}],"wp:attachment":[{"href":"http:\/\/wgphoto.pl\/t\/index.php?rest_route=%2Fwp%2Fv2%2Fmedia&parent=7518"}],"wp:term":[{"taxonomy":"category","embeddable":true,"href":"http:\/\/wgphoto.pl\/t\/index.php?rest_route=%2Fwp%2Fv2%2Fcategories&post=7518"},{"taxonomy":"post_tag","embeddable":true,"href":"http:\/\/wgphoto.pl\/t\/index.php?rest_route=%2Fwp%2Fv2%2Ftags&post=7518"}],"curies":[{"name":"wp","href":"https:\/\/api.w.org\/{rel}","templated":true}]}}