{"id":757,"date":"2024-09-30T20:27:24","date_gmt":"2024-09-30T18:27:24","guid":{"rendered":"https:\/\/wgphoto.pl\/t\/?p=757"},"modified":"2024-09-30T20:27:24","modified_gmt":"2024-09-30T18:27:24","slug":"et21-350","status":"publish","type":"post","link":"http:\/\/wgphoto.pl\/t\/?p=757","title":{"rendered":"ET21-350"},"content":{"rendered":"\n<figure class=\"wp-block-image aligncenter size-full\"><img loading=\"lazy\" decoding=\"async\" width=\"1200\" height=\"800\" src=\"https:\/\/wgphoto.pl\/t\/wp-content\/uploads\/2024\/09\/0523-01.jpg\" alt=\"\" class=\"wp-image-758\" srcset=\"http:\/\/wgphoto.pl\/t\/wp-content\/uploads\/2024\/09\/0523-01.jpg 1200w, http:\/\/wgphoto.pl\/t\/wp-content\/uploads\/2024\/09\/0523-01-300x200.jpg 300w, http:\/\/wgphoto.pl\/t\/wp-content\/uploads\/2024\/09\/0523-01-768x512.jpg 768w\" sizes=\"auto, (max-width: 1200px) 100vw, 1200px\" \/><\/figure>\n\n\n\n<div class=\"wp-block-group has-global-padding is-layout-constrained wp-block-group-is-layout-constrained\">\n<p>Pierwszy poranny osobowy w tym kierunku, nr 231 relacji Wroc\u0142aw G\u0142\u00f3wny &#8211; Wa\u0142brzych G\u0142\u00f3wny, odje\u017cd\u017ca z Jaworzyny \u015al\u0105skiej. 22.08.2005<\/p>\n<\/div>\n","protected":false},"excerpt":{"rendered":"<p>Pierwszy poranny osobowy w tym kierunku, nr 231 relacji Wroc\u0142aw G\u0142\u00f3wny &#8211; Wa\u0142brzych G\u0142\u00f3wny, odje\u017cd\u017ca z Jaworzyny \u015al\u0105skiej. 22.08.2005<\/p>\n","protected":false},"author":1,"featured_media":758,"comment_status":"open","ping_status":"","sticky":false,"template":"","format":"standard","meta":{"footnotes":""},"categories":[62,2,311],"tags":[367,288,198,366,24,63,27,176,200],"class_list":["post-757","post","type-post","status-publish","format-standard","has-post-thumbnail","hentry","category-analog","category-kolej","category-rok-2005","tag-2005-08-22","tag-bipa","tag-et21","tag-jaworzyna-slaska","tag-perony","tag-pkp","tag-polska","tag-rano","tag-tab-pl240"],"_links":{"self":[{"href":"http:\/\/wgphoto.pl\/t\/index.php?rest_route=\/wp\/v2\/posts\/757","targetHints":{"allow":["GET"]}}],"collection":[{"href":"http:\/\/wgphoto.pl\/t\/index.php?rest_route=\/wp\/v2\/posts"}],"about":[{"href":"http:\/\/wgphoto.pl\/t\/index.php?rest_route=\/wp\/v2\/types\/post"}],"author":[{"embeddable":true,"href":"http:\/\/wgphoto.pl\/t\/index.php?rest_route=\/wp\/v2\/users\/1"}],"replies":[{"embeddable":true,"href":"http:\/\/wgphoto.pl\/t\/index.php?rest_route=%2Fwp%2Fv2%2Fcomments&post=757"}],"version-history":[{"count":1,"href":"http:\/\/wgphoto.pl\/t\/index.php?rest_route=\/wp\/v2\/posts\/757\/revisions"}],"predecessor-version":[{"id":759,"href":"http:\/\/wgphoto.pl\/t\/index.php?rest_route=\/wp\/v2\/posts\/757\/revisions\/759"}],"wp:featuredmedia":[{"embeddable":true,"href":"http:\/\/wgphoto.pl\/t\/index.php?rest_route=\/wp\/v2\/media\/758"}],"wp:attachment":[{"href":"http:\/\/wgphoto.pl\/t\/index.php?rest_route=%2Fwp%2Fv2%2Fmedia&parent=757"}],"wp:term":[{"taxonomy":"category","embeddable":true,"href":"http:\/\/wgphoto.pl\/t\/index.php?rest_route=%2Fwp%2Fv2%2Fcategories&post=757"},{"taxonomy":"post_tag","embeddable":true,"href":"http:\/\/wgphoto.pl\/t\/index.php?rest_route=%2Fwp%2Fv2%2Ftags&post=757"}],"curies":[{"name":"wp","href":"https:\/\/api.w.org\/{rel}","templated":true}]}}