{"id":7587,"date":"2024-12-13T18:36:41","date_gmt":"2024-12-13T17:36:41","guid":{"rendered":"https:\/\/wgphoto.pl\/t\/?p=7587"},"modified":"2024-12-13T18:36:41","modified_gmt":"2024-12-13T17:36:41","slug":"pociag-w-miescie-2","status":"publish","type":"post","link":"http:\/\/wgphoto.pl\/t\/?p=7587","title":{"rendered":"Poci\u0105g w mie\u015bcie (2)"},"content":{"rendered":"\n<figure class=\"wp-block-image aligncenter size-full\"><img loading=\"lazy\" decoding=\"async\" width=\"1200\" height=\"795\" src=\"https:\/\/wgphoto.pl\/t\/wp-content\/uploads\/2024\/12\/IMGP8512.jpg\" alt=\"\" class=\"wp-image-7588\" srcset=\"http:\/\/wgphoto.pl\/t\/wp-content\/uploads\/2024\/12\/IMGP8512.jpg 1200w, http:\/\/wgphoto.pl\/t\/wp-content\/uploads\/2024\/12\/IMGP8512-300x199.jpg 300w, http:\/\/wgphoto.pl\/t\/wp-content\/uploads\/2024\/12\/IMGP8512-768x509.jpg 768w\" sizes=\"auto, (max-width: 1200px) 100vw, 1200px\" \/><\/figure>\n\n\n\n<div class=\"wp-block-group has-global-padding is-layout-constrained wp-block-group-is-layout-constrained\">\n<p>Chur, Engadinstrasse (lub te\u017c odcinek Chur Stadt &#8211; Chur). Poci\u0105g osobowy relacji Arosa &#8211; Chur za par\u0119 minut osi\u0105gnie stacj\u0119 docelow\u0105. Czerwony sygnalizator w tle blokuje pobliskie skrzy\u017cowanie na czas przejazdu poci\u0105gu, ale najwidoczniej ma spor\u0105 zw\u0142ok\u0119 czasow\u0105, skoro nadal wstrzymuje ruch, mimo \u017ce poci\u0105g zd\u0105\u017cy\u0142 dojecha\u0107 ju\u017c tutaj. Jak wida\u0107, przejazd poci\u0105gu spowodowa\u0142 znaczny zator drogowy, ale w Szwajcarii nikomu to nie przeszkadza. 2018-03-27<\/p>\n<\/div>\n","protected":false},"excerpt":{"rendered":"<p>Chur, Engadinstrasse (lub te\u017c odcinek Chur Stadt &#8211; Chur). Poci\u0105g osobowy relacji Arosa &#8211; Chur za par\u0119 minut osi\u0105gnie stacj\u0119 docelow\u0105. Czerwony sygnalizator w tle blokuje pobliskie skrzy\u017cowanie na czas przejazdu poci\u0105gu, ale najwidoczniej ma spor\u0105 zw\u0142ok\u0119 czasow\u0105, skoro nadal wstrzymuje ruch, mimo \u017ce poci\u0105g zd\u0105\u017cy\u0142 dojecha\u0107 ju\u017c tutaj. Jak wida\u0107, przejazd poci\u0105gu spowodowa\u0142 znaczny [&hellip;]<\/p>\n","protected":false},"author":1,"featured_media":7588,"comment_status":"open","ping_status":"","sticky":false,"template":"","format":"standard","meta":{"footnotes":""},"categories":[2,156],"tags":[545,2357,13,230,737,735,183,186],"class_list":["post-7587","post","type-post","status-publish","format-standard","has-post-thumbnail","hentry","category-kolej","category-rok-2018","tag-2018-03-27","tag-chur","tag-deszcz","tag-infrastruktura","tag-rhatische-bahn","tag-stadler-allegra","tag-suissetrip-2018","tag-szwajcaria"],"_links":{"self":[{"href":"http:\/\/wgphoto.pl\/t\/index.php?rest_route=\/wp\/v2\/posts\/7587","targetHints":{"allow":["GET"]}}],"collection":[{"href":"http:\/\/wgphoto.pl\/t\/index.php?rest_route=\/wp\/v2\/posts"}],"about":[{"href":"http:\/\/wgphoto.pl\/t\/index.php?rest_route=\/wp\/v2\/types\/post"}],"author":[{"embeddable":true,"href":"http:\/\/wgphoto.pl\/t\/index.php?rest_route=\/wp\/v2\/users\/1"}],"replies":[{"embeddable":true,"href":"http:\/\/wgphoto.pl\/t\/index.php?rest_route=%2Fwp%2Fv2%2Fcomments&post=7587"}],"version-history":[{"count":1,"href":"http:\/\/wgphoto.pl\/t\/index.php?rest_route=\/wp\/v2\/posts\/7587\/revisions"}],"predecessor-version":[{"id":7589,"href":"http:\/\/wgphoto.pl\/t\/index.php?rest_route=\/wp\/v2\/posts\/7587\/revisions\/7589"}],"wp:featuredmedia":[{"embeddable":true,"href":"http:\/\/wgphoto.pl\/t\/index.php?rest_route=\/wp\/v2\/media\/7588"}],"wp:attachment":[{"href":"http:\/\/wgphoto.pl\/t\/index.php?rest_route=%2Fwp%2Fv2%2Fmedia&parent=7587"}],"wp:term":[{"taxonomy":"category","embeddable":true,"href":"http:\/\/wgphoto.pl\/t\/index.php?rest_route=%2Fwp%2Fv2%2Fcategories&post=7587"},{"taxonomy":"post_tag","embeddable":true,"href":"http:\/\/wgphoto.pl\/t\/index.php?rest_route=%2Fwp%2Fv2%2Ftags&post=7587"}],"curies":[{"name":"wp","href":"https:\/\/api.w.org\/{rel}","templated":true}]}}