{"id":7590,"date":"2024-12-13T18:37:51","date_gmt":"2024-12-13T17:37:51","guid":{"rendered":"https:\/\/wgphoto.pl\/t\/?p=7590"},"modified":"2024-12-13T18:37:51","modified_gmt":"2024-12-13T17:37:51","slug":"za-ardez","status":"publish","type":"post","link":"http:\/\/wgphoto.pl\/t\/?p=7590","title":{"rendered":"Za Ardez"},"content":{"rendered":"\n<figure class=\"wp-block-image aligncenter size-full\"><img loading=\"lazy\" decoding=\"async\" width=\"696\" height=\"1050\" src=\"https:\/\/wgphoto.pl\/t\/wp-content\/uploads\/2024\/12\/IMGP8109.jpg\" alt=\"\" class=\"wp-image-7591\" srcset=\"http:\/\/wgphoto.pl\/t\/wp-content\/uploads\/2024\/12\/IMGP8109.jpg 696w, http:\/\/wgphoto.pl\/t\/wp-content\/uploads\/2024\/12\/IMGP8109-199x300.jpg 199w\" sizes=\"auto, (max-width: 696px) 100vw, 696px\" \/><\/figure>\n\n\n\n<div class=\"wp-block-group has-global-padding is-layout-constrained wp-block-group-is-layout-constrained\">\n<p>Poci\u0105g z s\u0105siedniego zdj\u0119cia kilka minut p\u00f3\u017aniej i kilkaset metr\u00f3w dalej, za stacj\u0105 Ardez w kierunku Sagliains. A ja zrobi\u0142em tylko par\u0119 krok\u00f3w i zmieni\u0142em obiektyw, i nawet nie planowa\u0142em drugi raz strzela\u0107 do tego samego poci\u0105gu, ale taki widok \u017cal by\u0142o odpu\u015bci\u0107. Mo\u017cecie poszuka\u0107 na nast\u0119pnym zdj\u0119ciu wycinka obejmuj\u0105cego ten kadr. 2018-03-25<\/p>\n<\/div>\n","protected":false},"excerpt":{"rendered":"<p>Poci\u0105g z s\u0105siedniego zdj\u0119cia kilka minut p\u00f3\u017aniej i kilkaset metr\u00f3w dalej, za stacj\u0105 Ardez w kierunku Sagliains. A ja zrobi\u0142em tylko par\u0119 krok\u00f3w i zmieni\u0142em obiektyw, i nawet nie planowa\u0142em drugi raz strzela\u0107 do tego samego poci\u0105gu, ale taki widok \u017cal by\u0142o odpu\u015bci\u0107. Mo\u017cecie poszuka\u0107 na nast\u0119pnym zdj\u0119ciu wycinka obejmuj\u0105cego ten kadr. 2018-03-25<\/p>\n","protected":false},"author":1,"featured_media":7591,"comment_status":"open","ping_status":"","sticky":false,"template":"","format":"standard","meta":{"footnotes":""},"categories":[2,128,156],"tags":[1063,2327,114,113,737,44,183,186],"class_list":["post-7590","post","type-post","status-publish","format-standard","has-post-thumbnail","hentry","category-kolej","category-pionowe","category-rok-2018","tag-2018-03-25","tag-ardez","tag-gory","tag-landszaft","tag-rhatische-bahn","tag-snieg","tag-suissetrip-2018","tag-szwajcaria"],"_links":{"self":[{"href":"http:\/\/wgphoto.pl\/t\/index.php?rest_route=\/wp\/v2\/posts\/7590","targetHints":{"allow":["GET"]}}],"collection":[{"href":"http:\/\/wgphoto.pl\/t\/index.php?rest_route=\/wp\/v2\/posts"}],"about":[{"href":"http:\/\/wgphoto.pl\/t\/index.php?rest_route=\/wp\/v2\/types\/post"}],"author":[{"embeddable":true,"href":"http:\/\/wgphoto.pl\/t\/index.php?rest_route=\/wp\/v2\/users\/1"}],"replies":[{"embeddable":true,"href":"http:\/\/wgphoto.pl\/t\/index.php?rest_route=%2Fwp%2Fv2%2Fcomments&post=7590"}],"version-history":[{"count":1,"href":"http:\/\/wgphoto.pl\/t\/index.php?rest_route=\/wp\/v2\/posts\/7590\/revisions"}],"predecessor-version":[{"id":7592,"href":"http:\/\/wgphoto.pl\/t\/index.php?rest_route=\/wp\/v2\/posts\/7590\/revisions\/7592"}],"wp:featuredmedia":[{"embeddable":true,"href":"http:\/\/wgphoto.pl\/t\/index.php?rest_route=\/wp\/v2\/media\/7591"}],"wp:attachment":[{"href":"http:\/\/wgphoto.pl\/t\/index.php?rest_route=%2Fwp%2Fv2%2Fmedia&parent=7590"}],"wp:term":[{"taxonomy":"category","embeddable":true,"href":"http:\/\/wgphoto.pl\/t\/index.php?rest_route=%2Fwp%2Fv2%2Fcategories&post=7590"},{"taxonomy":"post_tag","embeddable":true,"href":"http:\/\/wgphoto.pl\/t\/index.php?rest_route=%2Fwp%2Fv2%2Ftags&post=7590"}],"curies":[{"name":"wp","href":"https:\/\/api.w.org\/{rel}","templated":true}]}}