{"id":7596,"date":"2024-12-13T18:39:58","date_gmt":"2024-12-13T17:39:58","guid":{"rendered":"https:\/\/wgphoto.pl\/t\/?p=7596"},"modified":"2024-12-13T18:39:58","modified_gmt":"2024-12-13T17:39:58","slug":"nacisnij-przycisk","status":"publish","type":"post","link":"http:\/\/wgphoto.pl\/t\/?p=7596","title":{"rendered":"Naci\u015bnij przycisk"},"content":{"rendered":"\n<figure class=\"wp-block-image aligncenter size-full\"><img loading=\"lazy\" decoding=\"async\" width=\"1200\" height=\"800\" src=\"https:\/\/wgphoto.pl\/t\/wp-content\/uploads\/2024\/12\/IMGP8163.jpg\" alt=\"\" class=\"wp-image-7597\" srcset=\"http:\/\/wgphoto.pl\/t\/wp-content\/uploads\/2024\/12\/IMGP8163.jpg 1200w, http:\/\/wgphoto.pl\/t\/wp-content\/uploads\/2024\/12\/IMGP8163-300x200.jpg 300w, http:\/\/wgphoto.pl\/t\/wp-content\/uploads\/2024\/12\/IMGP8163-768x512.jpg 768w\" sizes=\"auto, (max-width: 1200px) 100vw, 1200px\" \/><\/figure>\n\n\n\n<div class=\"wp-block-group has-global-padding is-layout-constrained wp-block-group-is-layout-constrained\">\n<p>Poci\u0105g regionalny 1833 z Davos Platz do Filisur zatrzymuje si\u0119 tylko dla mnie na stacji Davos Wiesen obok pi\u0119knego budynku w stylu tyrolskim. Wiedzia\u0142em, \u017ce to jest przystanek na \u017c\u0105danie, znaj\u0105c czeskie regu\u0142y za\u0142o\u017cy\u0142em jednak w ciemno, \u017ce chc\u0105c wsi\u0105\u015b\u0107 na takim przystanku wystarczy stan\u0105\u0107 w widocznym miejscu na peronie. Dopiero p\u00f3\u017aniej u\u015bwiadomi\u0142em sobie, \u017ce tutaj trzeba nacisn\u0105\u0107 przycisk &#8222;na \u017c\u0105danie&#8221; znajduj\u0105cy si\u0119 na stacji. Na szcz\u0119\u015bcie obs\u0142uga poci\u0105gu przewidzia\u0142a zamiary zagubionego turysty z dalekiego kraju i nie musia\u0142em tu kwitn\u0105\u0107 kolejnej godziny. \ud83d\ude09 2018-03-25<\/p>\n<\/div>\n","protected":false},"excerpt":{"rendered":"<p>Poci\u0105g regionalny 1833 z Davos Platz do Filisur zatrzymuje si\u0119 tylko dla mnie na stacji Davos Wiesen obok pi\u0119knego budynku w stylu tyrolskim. Wiedzia\u0142em, \u017ce to jest przystanek na \u017c\u0105danie, znaj\u0105c czeskie regu\u0142y za\u0142o\u017cy\u0142em jednak w ciemno, \u017ce chc\u0105c wsi\u0105\u015b\u0107 na takim przystanku wystarczy stan\u0105\u0107 w widocznym miejscu na peronie. Dopiero p\u00f3\u017aniej u\u015bwiadomi\u0142em sobie, \u017ce [&hellip;]<\/p>\n","protected":false},"author":1,"featured_media":7597,"comment_status":"open","ping_status":"","sticky":false,"template":"","format":"standard","meta":{"footnotes":""},"categories":[2,156],"tags":[1063,2619,114,1186,737,44,183,186],"class_list":["post-7596","post","type-post","status-publish","format-standard","has-post-thumbnail","hentry","category-kolej","category-rok-2018","tag-2018-03-25","tag-davos-wiesen","tag-gory","tag-na-wsiadanego","tag-rhatische-bahn","tag-snieg","tag-suissetrip-2018","tag-szwajcaria"],"_links":{"self":[{"href":"http:\/\/wgphoto.pl\/t\/index.php?rest_route=\/wp\/v2\/posts\/7596","targetHints":{"allow":["GET"]}}],"collection":[{"href":"http:\/\/wgphoto.pl\/t\/index.php?rest_route=\/wp\/v2\/posts"}],"about":[{"href":"http:\/\/wgphoto.pl\/t\/index.php?rest_route=\/wp\/v2\/types\/post"}],"author":[{"embeddable":true,"href":"http:\/\/wgphoto.pl\/t\/index.php?rest_route=\/wp\/v2\/users\/1"}],"replies":[{"embeddable":true,"href":"http:\/\/wgphoto.pl\/t\/index.php?rest_route=%2Fwp%2Fv2%2Fcomments&post=7596"}],"version-history":[{"count":1,"href":"http:\/\/wgphoto.pl\/t\/index.php?rest_route=\/wp\/v2\/posts\/7596\/revisions"}],"predecessor-version":[{"id":7598,"href":"http:\/\/wgphoto.pl\/t\/index.php?rest_route=\/wp\/v2\/posts\/7596\/revisions\/7598"}],"wp:featuredmedia":[{"embeddable":true,"href":"http:\/\/wgphoto.pl\/t\/index.php?rest_route=\/wp\/v2\/media\/7597"}],"wp:attachment":[{"href":"http:\/\/wgphoto.pl\/t\/index.php?rest_route=%2Fwp%2Fv2%2Fmedia&parent=7596"}],"wp:term":[{"taxonomy":"category","embeddable":true,"href":"http:\/\/wgphoto.pl\/t\/index.php?rest_route=%2Fwp%2Fv2%2Fcategories&post=7596"},{"taxonomy":"post_tag","embeddable":true,"href":"http:\/\/wgphoto.pl\/t\/index.php?rest_route=%2Fwp%2Fv2%2Ftags&post=7596"}],"curies":[{"name":"wp","href":"https:\/\/api.w.org\/{rel}","templated":true}]}}