{"id":7599,"date":"2024-12-13T18:40:55","date_gmt":"2024-12-13T17:40:55","guid":{"rendered":"https:\/\/wgphoto.pl\/t\/?p=7599"},"modified":"2024-12-13T18:40:55","modified_gmt":"2024-12-13T17:40:55","slug":"wiesener-viadukt","status":"publish","type":"post","link":"http:\/\/wgphoto.pl\/t\/?p=7599","title":{"rendered":"Wiesener Viadukt"},"content":{"rendered":"\n<figure class=\"wp-block-image aligncenter size-full\"><img loading=\"lazy\" decoding=\"async\" width=\"1200\" height=\"795\" src=\"https:\/\/wgphoto.pl\/t\/wp-content\/uploads\/2024\/12\/IMGP8128.jpg\" alt=\"\" class=\"wp-image-7600\" srcset=\"http:\/\/wgphoto.pl\/t\/wp-content\/uploads\/2024\/12\/IMGP8128.jpg 1200w, http:\/\/wgphoto.pl\/t\/wp-content\/uploads\/2024\/12\/IMGP8128-300x199.jpg 300w, http:\/\/wgphoto.pl\/t\/wp-content\/uploads\/2024\/12\/IMGP8128-768x509.jpg 768w\" sizes=\"auto, (max-width: 1200px) 100vw, 1200px\" \/><\/figure>\n\n\n\n<div class=\"wp-block-group has-global-padding is-layout-constrained wp-block-group-is-layout-constrained\">\n<p>Wahade\u0142ko relacji Filisur &#8211; Davos Platz pokonuje najwy\u017cszy wiadukt na sieci Kolei Retyckich, mierz\u0105cy w najwy\u017cszym punkcie 88,9 m (strumyk pod pierwszym wagonem znajduje si\u0119 jeszcze troch\u0119 poni\u017cej podstaw filar\u00f3w). Sk\u0142ady tej kr\u00f3tkiej relacji (25 minut jazdy) zapinane s\u0105 do najnowszych lokomotyw RhB serii Ge 4\/4 III, gdy\u017c maj\u0105 obiegi \u0142\u0105czone z d\u0142u\u017csz\u0105 tras\u0105 z Davos Platz w kierunku Landquart. Okolica wiaduktu jest bardzo sympatyczna. Mo\u017ce tego nie wida\u0107, bo wi\u0119cej w tym kadrze zieleni ni\u017c bieli, ale przedarcie si\u0119 przez mokr\u0105, topniej\u0105c\u0105 brej\u0119 si\u0119gaj\u0105c\u0105 kolan albo i dalej nie by\u0142o zadaniem prostym, ale najwa\u017cniejsze \u017ce uda\u0142o mi si\u0119 tu dotrze\u0107 na czas. 2018-03-25<\/p>\n<\/div>\n","protected":false},"excerpt":{"rendered":"<p>Wahade\u0142ko relacji Filisur &#8211; Davos Platz pokonuje najwy\u017cszy wiadukt na sieci Kolei Retyckich, mierz\u0105cy w najwy\u017cszym punkcie 88,9 m (strumyk pod pierwszym wagonem znajduje si\u0119 jeszcze troch\u0119 poni\u017cej podstaw filar\u00f3w). Sk\u0142ady tej kr\u00f3tkiej relacji (25 minut jazdy) zapinane s\u0105 do najnowszych lokomotyw RhB serii Ge 4\/4 III, gdy\u017c maj\u0105 obiegi \u0142\u0105czone z d\u0142u\u017csz\u0105 tras\u0105 z [&hellip;]<\/p>\n","protected":false},"author":1,"featured_media":7600,"comment_status":"open","ping_status":"","sticky":false,"template":"","format":"standard","meta":{"footnotes":""},"categories":[2,156],"tags":[1063,2619,45,737,44,183,186],"class_list":["post-7599","post","type-post","status-publish","format-standard","has-post-thumbnail","hentry","category-kolej","category-rok-2018","tag-2018-03-25","tag-davos-wiesen","tag-most","tag-rhatische-bahn","tag-snieg","tag-suissetrip-2018","tag-szwajcaria"],"_links":{"self":[{"href":"http:\/\/wgphoto.pl\/t\/index.php?rest_route=\/wp\/v2\/posts\/7599","targetHints":{"allow":["GET"]}}],"collection":[{"href":"http:\/\/wgphoto.pl\/t\/index.php?rest_route=\/wp\/v2\/posts"}],"about":[{"href":"http:\/\/wgphoto.pl\/t\/index.php?rest_route=\/wp\/v2\/types\/post"}],"author":[{"embeddable":true,"href":"http:\/\/wgphoto.pl\/t\/index.php?rest_route=\/wp\/v2\/users\/1"}],"replies":[{"embeddable":true,"href":"http:\/\/wgphoto.pl\/t\/index.php?rest_route=%2Fwp%2Fv2%2Fcomments&post=7599"}],"version-history":[{"count":1,"href":"http:\/\/wgphoto.pl\/t\/index.php?rest_route=\/wp\/v2\/posts\/7599\/revisions"}],"predecessor-version":[{"id":7601,"href":"http:\/\/wgphoto.pl\/t\/index.php?rest_route=\/wp\/v2\/posts\/7599\/revisions\/7601"}],"wp:featuredmedia":[{"embeddable":true,"href":"http:\/\/wgphoto.pl\/t\/index.php?rest_route=\/wp\/v2\/media\/7600"}],"wp:attachment":[{"href":"http:\/\/wgphoto.pl\/t\/index.php?rest_route=%2Fwp%2Fv2%2Fmedia&parent=7599"}],"wp:term":[{"taxonomy":"category","embeddable":true,"href":"http:\/\/wgphoto.pl\/t\/index.php?rest_route=%2Fwp%2Fv2%2Fcategories&post=7599"},{"taxonomy":"post_tag","embeddable":true,"href":"http:\/\/wgphoto.pl\/t\/index.php?rest_route=%2Fwp%2Fv2%2Ftags&post=7599"}],"curies":[{"name":"wp","href":"https:\/\/api.w.org\/{rel}","templated":true}]}}