{"id":7605,"date":"2024-12-13T18:42:52","date_gmt":"2024-12-13T17:42:52","guid":{"rendered":"https:\/\/wgphoto.pl\/t\/?p=7605"},"modified":"2024-12-13T18:42:52","modified_gmt":"2024-12-13T17:42:52","slug":"z-zaskoczenia","status":"publish","type":"post","link":"http:\/\/wgphoto.pl\/t\/?p=7605","title":{"rendered":"Z zaskoczenia"},"content":{"rendered":"\n<figure class=\"wp-block-image aligncenter size-full\"><img loading=\"lazy\" decoding=\"async\" width=\"1200\" height=\"795\" src=\"https:\/\/wgphoto.pl\/t\/wp-content\/uploads\/2024\/12\/IMGP8419.jpg\" alt=\"\" class=\"wp-image-7606\" srcset=\"http:\/\/wgphoto.pl\/t\/wp-content\/uploads\/2024\/12\/IMGP8419.jpg 1200w, http:\/\/wgphoto.pl\/t\/wp-content\/uploads\/2024\/12\/IMGP8419-300x199.jpg 300w, http:\/\/wgphoto.pl\/t\/wp-content\/uploads\/2024\/12\/IMGP8419-768x509.jpg 768w\" sizes=\"auto, (max-width: 1200px) 100vw, 1200px\" \/><\/figure>\n\n\n\n<div class=\"wp-block-group has-global-padding is-layout-constrained wp-block-group-is-layout-constrained\">\n<p>Poci\u0105g regionalny 1953 relacji Scuol-Tarasp &#8211; Pontresina zajmuje kr\u00f3ciutki szlak z Bever do Samedan, dok\u0105d wida\u0107 w tle ju\u017c podany wjazd. To foto mia\u0142o wygl\u0105da\u0107 inaczej, ale przeoczy\u0142em ten poci\u0105g. Tak to jest, jak pomi\u0119dzy stacjami w\u0119z\u0142owymi zje\u017cd\u017caj\u0105 si\u0119 poci\u0105gi z dw\u00f3ch tras, daj\u0105ce \u0142\u0105cznie 6 kurs\u00f3w w ci\u0105gu godziny (po jednej parze Chur &#8211; St. Moritz, Landquart &#8211; St. Moritz i Scuol-Tarasp &#8211; Pontresina), kursuj\u0105cych na dodatek parami, aby umo\u017cliwi\u0107 przesiadki w pobliskim Samedan. Poza tym w tle mia\u0142a by\u0107 pi\u0119kna \u015bciana g\u00f3r, a wysz\u0142y jakie\u015b resztki \u015bnie\u017cycy. \ud83d\ude09 2018-03-26<\/p>\n<\/div>\n","protected":false},"excerpt":{"rendered":"<p>Poci\u0105g regionalny 1953 relacji Scuol-Tarasp &#8211; Pontresina zajmuje kr\u00f3ciutki szlak z Bever do Samedan, dok\u0105d wida\u0107 w tle ju\u017c podany wjazd. To foto mia\u0142o wygl\u0105da\u0107 inaczej, ale przeoczy\u0142em ten poci\u0105g. Tak to jest, jak pomi\u0119dzy stacjami w\u0119z\u0142owymi zje\u017cd\u017caj\u0105 si\u0119 poci\u0105gi z dw\u00f3ch tras, daj\u0105ce \u0142\u0105cznie 6 kurs\u00f3w w ci\u0105gu godziny (po jednej parze Chur &#8211; [&hellip;]<\/p>\n","protected":false},"author":1,"featured_media":7606,"comment_status":"open","ping_status":"","sticky":false,"template":"","format":"standard","meta":{"footnotes":""},"categories":[2,156],"tags":[736,1065,173,737,44,183,186],"class_list":["post-7605","post","type-post","status-publish","format-standard","has-post-thumbnail","hentry","category-kolej","category-rok-2018","tag-2018-03-26","tag-bever","tag-koncowki","tag-rhatische-bahn","tag-snieg","tag-suissetrip-2018","tag-szwajcaria"],"_links":{"self":[{"href":"http:\/\/wgphoto.pl\/t\/index.php?rest_route=\/wp\/v2\/posts\/7605","targetHints":{"allow":["GET"]}}],"collection":[{"href":"http:\/\/wgphoto.pl\/t\/index.php?rest_route=\/wp\/v2\/posts"}],"about":[{"href":"http:\/\/wgphoto.pl\/t\/index.php?rest_route=\/wp\/v2\/types\/post"}],"author":[{"embeddable":true,"href":"http:\/\/wgphoto.pl\/t\/index.php?rest_route=\/wp\/v2\/users\/1"}],"replies":[{"embeddable":true,"href":"http:\/\/wgphoto.pl\/t\/index.php?rest_route=%2Fwp%2Fv2%2Fcomments&post=7605"}],"version-history":[{"count":1,"href":"http:\/\/wgphoto.pl\/t\/index.php?rest_route=\/wp\/v2\/posts\/7605\/revisions"}],"predecessor-version":[{"id":7607,"href":"http:\/\/wgphoto.pl\/t\/index.php?rest_route=\/wp\/v2\/posts\/7605\/revisions\/7607"}],"wp:featuredmedia":[{"embeddable":true,"href":"http:\/\/wgphoto.pl\/t\/index.php?rest_route=\/wp\/v2\/media\/7606"}],"wp:attachment":[{"href":"http:\/\/wgphoto.pl\/t\/index.php?rest_route=%2Fwp%2Fv2%2Fmedia&parent=7605"}],"wp:term":[{"taxonomy":"category","embeddable":true,"href":"http:\/\/wgphoto.pl\/t\/index.php?rest_route=%2Fwp%2Fv2%2Fcategories&post=7605"},{"taxonomy":"post_tag","embeddable":true,"href":"http:\/\/wgphoto.pl\/t\/index.php?rest_route=%2Fwp%2Fv2%2Ftags&post=7605"}],"curies":[{"name":"wp","href":"https:\/\/api.w.org\/{rel}","templated":true}]}}