{"id":7644,"date":"2024-12-13T18:58:45","date_gmt":"2024-12-13T17:58:45","guid":{"rendered":"https:\/\/wgphoto.pl\/t\/?p=7644"},"modified":"2024-12-13T18:58:45","modified_gmt":"2024-12-13T17:58:45","slug":"wycofany-a-jezdzi","status":"publish","type":"post","link":"http:\/\/wgphoto.pl\/t\/?p=7644","title":{"rendered":"Wycofany, a je\u017adzi"},"content":{"rendered":"\n<figure class=\"wp-block-image aligncenter size-full\"><img loading=\"lazy\" decoding=\"async\" width=\"1200\" height=\"803\" src=\"https:\/\/wgphoto.pl\/t\/wp-content\/uploads\/2024\/12\/IMGP8617-1.jpg\" alt=\"\" class=\"wp-image-7646\" srcset=\"http:\/\/wgphoto.pl\/t\/wp-content\/uploads\/2024\/12\/IMGP8617-1.jpg 1200w, http:\/\/wgphoto.pl\/t\/wp-content\/uploads\/2024\/12\/IMGP8617-1-300x201.jpg 300w, http:\/\/wgphoto.pl\/t\/wp-content\/uploads\/2024\/12\/IMGP8617-1-768x514.jpg 768w\" sizes=\"auto, (max-width: 1200px) 100vw, 1200px\" \/><\/figure>\n\n\n\n<div class=\"wp-block-group has-global-padding is-layout-constrained wp-block-group-is-layout-constrained\">\n<p>Tego dnia pierwszy i jedyny raz spotka\u0142em si\u0119 z drezde\u0144skimi Tatrami w ruchu liniowym. By\u0142 to zreszt\u0105 chyba jedyny dzie\u0144 szkolny, kiedy by\u0142em w tym mie\u015bcie, a w\u0142a\u015bnie to, jak si\u0119 okazuje, jest warunkiem sprzyjaj\u0105cym napotkaniu potr\u00f3jniaka na szczytowych wtyczkach. Na zdj\u0119ciu taki w\u0142a\u015bnie dodatkowy kurs w\u0142\u0105cza si\u0119 w\u0142a\u015bnie z zajezdni Trachenberge na tr\u00f3jk\u0119 w kierunku Wilder Mann. I tym sposobem czechos\u0142owackie tramwaje je\u017cd\u017c\u0105 po Dre\u017anie do dzi\u015b, 10 lat po ich oficjalnym wycofaniu. \ud83d\ude09 21.10.2010<\/p>\n<\/div>\n","protected":false},"excerpt":{"rendered":"<p>Tego dnia pierwszy i jedyny raz spotka\u0142em si\u0119 z drezde\u0144skimi Tatrami w ruchu liniowym. By\u0142 to zreszt\u0105 chyba jedyny dzie\u0144 szkolny, kiedy by\u0142em w tym mie\u015bcie, a w\u0142a\u015bnie to, jak si\u0119 okazuje, jest warunkiem sprzyjaj\u0105cym napotkaniu potr\u00f3jniaka na szczytowych wtyczkach. Na zdj\u0119ciu taki w\u0142a\u015bnie dodatkowy kurs w\u0142\u0105cza si\u0119 w\u0142a\u015bnie z zajezdni Trachenberge na tr\u00f3jk\u0119 w [&hellip;]<\/p>\n","protected":false},"author":1,"featured_media":7646,"comment_status":"open","ping_status":"","sticky":false,"template":"","format":"standard","meta":{"footnotes":""},"categories":[86,3],"tags":[855,851,850,23,143,135,1112],"class_list":["post-7644","post","type-post","status-publish","format-standard","has-post-thumbnail","hentry","category-rok-2010","category-tramwaj","tag-2010-10-21","tag-drezno","tag-dvb-dresden","tag-niemcy","tag-ponad-30m","tag-potrojniak","tag-tatra-t4"],"_links":{"self":[{"href":"http:\/\/wgphoto.pl\/t\/index.php?rest_route=\/wp\/v2\/posts\/7644","targetHints":{"allow":["GET"]}}],"collection":[{"href":"http:\/\/wgphoto.pl\/t\/index.php?rest_route=\/wp\/v2\/posts"}],"about":[{"href":"http:\/\/wgphoto.pl\/t\/index.php?rest_route=\/wp\/v2\/types\/post"}],"author":[{"embeddable":true,"href":"http:\/\/wgphoto.pl\/t\/index.php?rest_route=\/wp\/v2\/users\/1"}],"replies":[{"embeddable":true,"href":"http:\/\/wgphoto.pl\/t\/index.php?rest_route=%2Fwp%2Fv2%2Fcomments&post=7644"}],"version-history":[{"count":1,"href":"http:\/\/wgphoto.pl\/t\/index.php?rest_route=\/wp\/v2\/posts\/7644\/revisions"}],"predecessor-version":[{"id":7647,"href":"http:\/\/wgphoto.pl\/t\/index.php?rest_route=\/wp\/v2\/posts\/7644\/revisions\/7647"}],"wp:featuredmedia":[{"embeddable":true,"href":"http:\/\/wgphoto.pl\/t\/index.php?rest_route=\/wp\/v2\/media\/7646"}],"wp:attachment":[{"href":"http:\/\/wgphoto.pl\/t\/index.php?rest_route=%2Fwp%2Fv2%2Fmedia&parent=7644"}],"wp:term":[{"taxonomy":"category","embeddable":true,"href":"http:\/\/wgphoto.pl\/t\/index.php?rest_route=%2Fwp%2Fv2%2Fcategories&post=7644"},{"taxonomy":"post_tag","embeddable":true,"href":"http:\/\/wgphoto.pl\/t\/index.php?rest_route=%2Fwp%2Fv2%2Ftags&post=7644"}],"curies":[{"name":"wp","href":"https:\/\/api.w.org\/{rel}","templated":true}]}}