{"id":7648,"date":"2024-12-13T19:00:47","date_gmt":"2024-12-13T18:00:47","guid":{"rendered":"https:\/\/wgphoto.pl\/t\/?p=7648"},"modified":"2024-12-13T19:00:47","modified_gmt":"2024-12-13T18:00:47","slug":"su46-007-otmuchow","status":"publish","type":"post","link":"http:\/\/wgphoto.pl\/t\/?p=7648","title":{"rendered":"SU46-007, Otmuch\u00f3w"},"content":{"rendered":"\n<figure class=\"wp-block-image aligncenter size-full\"><img loading=\"lazy\" decoding=\"async\" width=\"1200\" height=\"675\" src=\"https:\/\/wgphoto.pl\/t\/wp-content\/uploads\/2024\/12\/0338-31.jpg\" alt=\"\" class=\"wp-image-7649\" srcset=\"http:\/\/wgphoto.pl\/t\/wp-content\/uploads\/2024\/12\/0338-31.jpg 1200w, http:\/\/wgphoto.pl\/t\/wp-content\/uploads\/2024\/12\/0338-31-300x169.jpg 300w, http:\/\/wgphoto.pl\/t\/wp-content\/uploads\/2024\/12\/0338-31-768x432.jpg 768w\" sizes=\"auto, (max-width: 1200px) 100vw, 1200px\" \/><\/figure>\n\n\n\n<div class=\"wp-block-group has-global-padding is-layout-constrained wp-block-group-is-layout-constrained\">\n<p>Jedna z ostatnich &#8222;starych \u015anie\u017cek&#8221; wje\u017cd\u017ca na tytu\u0142ow\u0105 stacj\u0119. Poci\u0105g ten kursowa\u0142 na trasie Krak\u00f3w G\u0142. &#8211; K\u0119dzierzyn Ko\u017ale &#8211; Nysa &#8211; Kamieniec Z\u0105bk. &#8211; Dzier\u017coni\u00f3w &#8211; Jaworzyna \u015al. &#8211; Wa\u0142brzych &#8211; Jelenia G\u00f3ra i prowadzi\u0142 wagony bezpo\u015brednie do Stronia \u015al\u0105skiego, wy\u0142\u0105czane w Kamie\u0144cu. 06.12.2003<\/p>\n<\/div>\n","protected":false},"excerpt":{"rendered":"<p>Jedna z ostatnich &#8222;starych \u015anie\u017cek&#8221; wje\u017cd\u017ca na tytu\u0142ow\u0105 stacj\u0119. Poci\u0105g ten kursowa\u0142 na trasie Krak\u00f3w G\u0142. &#8211; K\u0119dzierzyn Ko\u017ale &#8211; Nysa &#8211; Kamieniec Z\u0105bk. &#8211; Dzier\u017coni\u00f3w &#8211; Jaworzyna \u015al. &#8211; Wa\u0142brzych &#8211; Jelenia G\u00f3ra i prowadzi\u0142 wagony bezpo\u015brednie do Stronia \u015al\u0105skiego, wy\u0142\u0105czane w Kamie\u0144cu. 06.12.2003<\/p>\n","protected":false},"author":1,"featured_media":7649,"comment_status":"open","ping_status":"","sticky":false,"template":"","format":"standard","meta":{"footnotes":""},"categories":[62,2,149],"tags":[2628,803,63,27,84,319],"class_list":["post-7648","post","type-post","status-publish","format-standard","has-post-thumbnail","hentry","category-analog","category-kolej","category-rok-2003","tag-2003-12-06","tag-otmuchow","tag-pkp","tag-polska","tag-su46","tag-tab-pl235"],"_links":{"self":[{"href":"http:\/\/wgphoto.pl\/t\/index.php?rest_route=\/wp\/v2\/posts\/7648","targetHints":{"allow":["GET"]}}],"collection":[{"href":"http:\/\/wgphoto.pl\/t\/index.php?rest_route=\/wp\/v2\/posts"}],"about":[{"href":"http:\/\/wgphoto.pl\/t\/index.php?rest_route=\/wp\/v2\/types\/post"}],"author":[{"embeddable":true,"href":"http:\/\/wgphoto.pl\/t\/index.php?rest_route=\/wp\/v2\/users\/1"}],"replies":[{"embeddable":true,"href":"http:\/\/wgphoto.pl\/t\/index.php?rest_route=%2Fwp%2Fv2%2Fcomments&post=7648"}],"version-history":[{"count":1,"href":"http:\/\/wgphoto.pl\/t\/index.php?rest_route=\/wp\/v2\/posts\/7648\/revisions"}],"predecessor-version":[{"id":7650,"href":"http:\/\/wgphoto.pl\/t\/index.php?rest_route=\/wp\/v2\/posts\/7648\/revisions\/7650"}],"wp:featuredmedia":[{"embeddable":true,"href":"http:\/\/wgphoto.pl\/t\/index.php?rest_route=\/wp\/v2\/media\/7649"}],"wp:attachment":[{"href":"http:\/\/wgphoto.pl\/t\/index.php?rest_route=%2Fwp%2Fv2%2Fmedia&parent=7648"}],"wp:term":[{"taxonomy":"category","embeddable":true,"href":"http:\/\/wgphoto.pl\/t\/index.php?rest_route=%2Fwp%2Fv2%2Fcategories&post=7648"},{"taxonomy":"post_tag","embeddable":true,"href":"http:\/\/wgphoto.pl\/t\/index.php?rest_route=%2Fwp%2Fv2%2Ftags&post=7648"}],"curies":[{"name":"wp","href":"https:\/\/api.w.org\/{rel}","templated":true}]}}