{"id":7654,"date":"2024-12-13T19:02:53","date_gmt":"2024-12-13T18:02:53","guid":{"rendered":"https:\/\/wgphoto.pl\/t\/?p=7654"},"modified":"2024-12-13T19:02:53","modified_gmt":"2024-12-13T18:02:53","slug":"siemanko","status":"publish","type":"post","link":"http:\/\/wgphoto.pl\/t\/?p=7654","title":{"rendered":"Siemanko"},"content":{"rendered":"\n<figure class=\"wp-block-image aligncenter size-full\"><img loading=\"lazy\" decoding=\"async\" width=\"1200\" height=\"795\" src=\"https:\/\/wgphoto.pl\/t\/wp-content\/uploads\/2024\/12\/IMGP7808.jpg\" alt=\"\" class=\"wp-image-7655\" srcset=\"http:\/\/wgphoto.pl\/t\/wp-content\/uploads\/2024\/12\/IMGP7808.jpg 1200w, http:\/\/wgphoto.pl\/t\/wp-content\/uploads\/2024\/12\/IMGP7808-300x199.jpg 300w, http:\/\/wgphoto.pl\/t\/wp-content\/uploads\/2024\/12\/IMGP7808-768x509.jpg 768w\" sizes=\"auto, (max-width: 1200px) 100vw, 1200px\" \/><\/figure>\n\n\n\n<div class=\"wp-block-group has-global-padding is-layout-constrained wp-block-group-is-layout-constrained\">\n<p>Odcinek Les Ch\u00e9zards &#8211; Areuse. Tramwaj mknie do Boudry przez pola i przecie\u017c oczywistym jest, \u017ce w chwili, gdy wjedzie mi\u0119dzy odpowiednie s\u0142upy, jedyni dwaj piesi w okolicy te\u017c si\u0119 tam znajd\u0105. Ale akurat ta &#8222;pi\u0105teczka&#8221; dla motorniczego wnosi jakie\u015b \u017cycie do tego kadru, wi\u0119c niech b\u0119dzie. \ud83d\ude09 24.03.2018<\/p>\n<\/div>\n","protected":false},"excerpt":{"rendered":"<p>Odcinek Les Ch\u00e9zards &#8211; Areuse. Tramwaj mknie do Boudry przez pola i przecie\u017c oczywistym jest, \u017ce w chwili, gdy wjedzie mi\u0119dzy odpowiednie s\u0142upy, jedyni dwaj piesi w okolicy te\u017c si\u0119 tam znajd\u0105. Ale akurat ta &#8222;pi\u0105teczka&#8221; dla motorniczego wnosi jakie\u015b \u017cycie do tego kadru, wi\u0119c niech b\u0119dzie. \ud83d\ude09 24.03.2018<\/p>\n","protected":false},"author":1,"featured_media":7655,"comment_status":"open","ping_status":"","sticky":false,"template":"","format":"standard","meta":{"footnotes":""},"categories":[156,3],"tags":[396,151,2629,1423,183,186],"class_list":["post-7654","post","type-post","status-publish","format-standard","has-post-thumbnail","hentry","category-rok-2018","category-tramwaj","tag-2018-03-24","tag-ludzie","tag-neuchatel","tag-schindler-be","tag-suissetrip-2018","tag-szwajcaria"],"_links":{"self":[{"href":"http:\/\/wgphoto.pl\/t\/index.php?rest_route=\/wp\/v2\/posts\/7654","targetHints":{"allow":["GET"]}}],"collection":[{"href":"http:\/\/wgphoto.pl\/t\/index.php?rest_route=\/wp\/v2\/posts"}],"about":[{"href":"http:\/\/wgphoto.pl\/t\/index.php?rest_route=\/wp\/v2\/types\/post"}],"author":[{"embeddable":true,"href":"http:\/\/wgphoto.pl\/t\/index.php?rest_route=\/wp\/v2\/users\/1"}],"replies":[{"embeddable":true,"href":"http:\/\/wgphoto.pl\/t\/index.php?rest_route=%2Fwp%2Fv2%2Fcomments&post=7654"}],"version-history":[{"count":1,"href":"http:\/\/wgphoto.pl\/t\/index.php?rest_route=\/wp\/v2\/posts\/7654\/revisions"}],"predecessor-version":[{"id":7656,"href":"http:\/\/wgphoto.pl\/t\/index.php?rest_route=\/wp\/v2\/posts\/7654\/revisions\/7656"}],"wp:featuredmedia":[{"embeddable":true,"href":"http:\/\/wgphoto.pl\/t\/index.php?rest_route=\/wp\/v2\/media\/7655"}],"wp:attachment":[{"href":"http:\/\/wgphoto.pl\/t\/index.php?rest_route=%2Fwp%2Fv2%2Fmedia&parent=7654"}],"wp:term":[{"taxonomy":"category","embeddable":true,"href":"http:\/\/wgphoto.pl\/t\/index.php?rest_route=%2Fwp%2Fv2%2Fcategories&post=7654"},{"taxonomy":"post_tag","embeddable":true,"href":"http:\/\/wgphoto.pl\/t\/index.php?rest_route=%2Fwp%2Fv2%2Ftags&post=7654"}],"curies":[{"name":"wp","href":"https:\/\/api.w.org\/{rel}","templated":true}]}}