{"id":7657,"date":"2024-12-13T19:03:48","date_gmt":"2024-12-13T18:03:48","guid":{"rendered":"https:\/\/wgphoto.pl\/t\/?p=7657"},"modified":"2024-12-13T19:03:48","modified_gmt":"2024-12-13T18:03:48","slug":"neuchatel","status":"publish","type":"post","link":"http:\/\/wgphoto.pl\/t\/?p=7657","title":{"rendered":"Neuch\u00e2tel"},"content":{"rendered":"\n<figure class=\"wp-block-image aligncenter size-full\"><img loading=\"lazy\" decoding=\"async\" width=\"1200\" height=\"795\" src=\"https:\/\/wgphoto.pl\/t\/wp-content\/uploads\/2024\/12\/IMGP7816-1.jpg\" alt=\"\" class=\"wp-image-7658\" srcset=\"http:\/\/wgphoto.pl\/t\/wp-content\/uploads\/2024\/12\/IMGP7816-1.jpg 1200w, http:\/\/wgphoto.pl\/t\/wp-content\/uploads\/2024\/12\/IMGP7816-1-300x199.jpg 300w, http:\/\/wgphoto.pl\/t\/wp-content\/uploads\/2024\/12\/IMGP7816-1-768x509.jpg 768w\" sizes=\"auto, (max-width: 1200px) 100vw, 1200px\" \/><\/figure>\n\n\n\n<div class=\"wp-block-group has-global-padding is-layout-constrained wp-block-group-is-layout-constrained\">\n<p>Nad Neuchatel pierwszy dzie\u0144 wiosny. S\u0142o\u0144ce \u015bwieci, ptaki \u015bpiewaj\u0105, a \u015bwiat nabiera soczystych barw. Tramwaj linii 215 odjecha\u0142 przed chwil\u0105 z pocz\u0105tkowego przystanku w centrum miasta i jedzie wzd\u0142u\u017c jeziora Neuchatel. R\u00f3wnie\u017c i tutaj dwie piesze trafi\u0142y &#8222;just in time&#8221; na prz\u00f3d (robi\u0105cy aktualnie za ty\u0142) tramwaju. 24.03.2018<\/p>\n<\/div>\n","protected":false},"excerpt":{"rendered":"<p>Nad Neuchatel pierwszy dzie\u0144 wiosny. S\u0142o\u0144ce \u015bwieci, ptaki \u015bpiewaj\u0105, a \u015bwiat nabiera soczystych barw. Tramwaj linii 215 odjecha\u0142 przed chwil\u0105 z pocz\u0105tkowego przystanku w centrum miasta i jedzie wzd\u0142u\u017c jeziora Neuchatel. R\u00f3wnie\u017c i tutaj dwie piesze trafi\u0142y &#8222;just in time&#8221; na prz\u00f3d (robi\u0105cy aktualnie za ty\u0142) tramwaju. 24.03.2018<\/p>\n","protected":false},"author":1,"featured_media":7658,"comment_status":"open","ping_status":"","sticky":false,"template":"","format":"standard","meta":{"footnotes":""},"categories":[156,3],"tags":[396,2629,1423,183,186],"class_list":["post-7657","post","type-post","status-publish","format-standard","has-post-thumbnail","hentry","category-rok-2018","category-tramwaj","tag-2018-03-24","tag-neuchatel","tag-schindler-be","tag-suissetrip-2018","tag-szwajcaria"],"_links":{"self":[{"href":"http:\/\/wgphoto.pl\/t\/index.php?rest_route=\/wp\/v2\/posts\/7657","targetHints":{"allow":["GET"]}}],"collection":[{"href":"http:\/\/wgphoto.pl\/t\/index.php?rest_route=\/wp\/v2\/posts"}],"about":[{"href":"http:\/\/wgphoto.pl\/t\/index.php?rest_route=\/wp\/v2\/types\/post"}],"author":[{"embeddable":true,"href":"http:\/\/wgphoto.pl\/t\/index.php?rest_route=\/wp\/v2\/users\/1"}],"replies":[{"embeddable":true,"href":"http:\/\/wgphoto.pl\/t\/index.php?rest_route=%2Fwp%2Fv2%2Fcomments&post=7657"}],"version-history":[{"count":1,"href":"http:\/\/wgphoto.pl\/t\/index.php?rest_route=\/wp\/v2\/posts\/7657\/revisions"}],"predecessor-version":[{"id":7659,"href":"http:\/\/wgphoto.pl\/t\/index.php?rest_route=\/wp\/v2\/posts\/7657\/revisions\/7659"}],"wp:featuredmedia":[{"embeddable":true,"href":"http:\/\/wgphoto.pl\/t\/index.php?rest_route=\/wp\/v2\/media\/7658"}],"wp:attachment":[{"href":"http:\/\/wgphoto.pl\/t\/index.php?rest_route=%2Fwp%2Fv2%2Fmedia&parent=7657"}],"wp:term":[{"taxonomy":"category","embeddable":true,"href":"http:\/\/wgphoto.pl\/t\/index.php?rest_route=%2Fwp%2Fv2%2Fcategories&post=7657"},{"taxonomy":"post_tag","embeddable":true,"href":"http:\/\/wgphoto.pl\/t\/index.php?rest_route=%2Fwp%2Fv2%2Ftags&post=7657"}],"curies":[{"name":"wp","href":"https:\/\/api.w.org\/{rel}","templated":true}]}}