{"id":769,"date":"2024-09-30T20:32:54","date_gmt":"2024-09-30T18:32:54","guid":{"rendered":"https:\/\/wgphoto.pl\/t\/?p=769"},"modified":"2024-09-30T20:32:54","modified_gmt":"2024-09-30T18:32:54","slug":"tryptyk-z-jaworzyny-2","status":"publish","type":"post","link":"http:\/\/wgphoto.pl\/t\/?p=769","title":{"rendered":"Tryptyk z Jaworzyny (2)"},"content":{"rendered":"\n<figure class=\"wp-block-image aligncenter size-full\"><img loading=\"lazy\" decoding=\"async\" width=\"1200\" height=\"796\" src=\"https:\/\/wgphoto.pl\/t\/wp-content\/uploads\/2024\/09\/0523-30.jpg\" alt=\"\" class=\"wp-image-770\" srcset=\"http:\/\/wgphoto.pl\/t\/wp-content\/uploads\/2024\/09\/0523-30.jpg 1200w, http:\/\/wgphoto.pl\/t\/wp-content\/uploads\/2024\/09\/0523-30-300x199.jpg 300w, http:\/\/wgphoto.pl\/t\/wp-content\/uploads\/2024\/09\/0523-30-768x509.jpg 768w\" sizes=\"auto, (max-width: 1200px) 100vw, 1200px\" \/><\/figure>\n\n\n\n<div class=\"wp-block-group has-global-padding is-layout-constrained wp-block-group-is-layout-constrained\">\n<p>SU46-008 przestawi\u0142a ju\u017c wagony z peronu 2 na 1 i oczekuje na dalsz\u0105 prac\u0119, najprawdopodobniej zjazd luzem do Kamie\u0144ca Z\u0105bk. Wagony, kt\u00f3re przyprowadzi\u0142a, kursowa\u0142y w obiegu rozpoczynaj\u0105cym i ko\u0144cz\u0105cym si\u0119 we Wroc\u0142awiu, kt\u00f3re na Podsudeck\u0105 trafia\u0142y rano przez Strzelin do Kamie\u0144ca (tam podejmowa\u0142 je diesel), a wieczorem wraca\u0142y do Wroc\u0142awia z Jaworzyny, gdzie z kolei przejmowa\u0142 je elektryk. Tym sposobem do jednego obiegu, rozk\u0142adowo realizowanego SA109, zatrudniane by\u0142y minimum trzy maszyny (czasem w trakcie dnia w Kamie\u0144cu podmieniano diesle, wtedy lokomotyw by\u0142o wi\u0119cej). 22.08.2005<\/p>\n<\/div>\n","protected":false},"excerpt":{"rendered":"<p>SU46-008 przestawi\u0142a ju\u017c wagony z peronu 2 na 1 i oczekuje na dalsz\u0105 prac\u0119, najprawdopodobniej zjazd luzem do Kamie\u0144ca Z\u0105bk. Wagony, kt\u00f3re przyprowadzi\u0142a, kursowa\u0142y w obiegu rozpoczynaj\u0105cym i ko\u0144cz\u0105cym si\u0119 we Wroc\u0142awiu, kt\u00f3re na Podsudeck\u0105 trafia\u0142y rano przez Strzelin do Kamie\u0144ca (tam podejmowa\u0142 je diesel), a wieczorem wraca\u0142y do Wroc\u0142awia z Jaworzyny, gdzie z kolei [&hellip;]<\/p>\n","protected":false},"author":1,"featured_media":770,"comment_status":"open","ping_status":"","sticky":false,"template":"","format":"standard","meta":{"footnotes":""},"categories":[62,2,311],"tags":[367,13,366,24,63,27,84,319,90],"class_list":["post-769","post","type-post","status-publish","format-standard","has-post-thumbnail","hentry","category-analog","category-kolej","category-rok-2005","tag-2005-08-22","tag-deszcz","tag-jaworzyna-slaska","tag-perony","tag-pkp","tag-polska","tag-su46","tag-tab-pl235","tag-wieczorem"],"_links":{"self":[{"href":"http:\/\/wgphoto.pl\/t\/index.php?rest_route=\/wp\/v2\/posts\/769","targetHints":{"allow":["GET"]}}],"collection":[{"href":"http:\/\/wgphoto.pl\/t\/index.php?rest_route=\/wp\/v2\/posts"}],"about":[{"href":"http:\/\/wgphoto.pl\/t\/index.php?rest_route=\/wp\/v2\/types\/post"}],"author":[{"embeddable":true,"href":"http:\/\/wgphoto.pl\/t\/index.php?rest_route=\/wp\/v2\/users\/1"}],"replies":[{"embeddable":true,"href":"http:\/\/wgphoto.pl\/t\/index.php?rest_route=%2Fwp%2Fv2%2Fcomments&post=769"}],"version-history":[{"count":1,"href":"http:\/\/wgphoto.pl\/t\/index.php?rest_route=\/wp\/v2\/posts\/769\/revisions"}],"predecessor-version":[{"id":771,"href":"http:\/\/wgphoto.pl\/t\/index.php?rest_route=\/wp\/v2\/posts\/769\/revisions\/771"}],"wp:featuredmedia":[{"embeddable":true,"href":"http:\/\/wgphoto.pl\/t\/index.php?rest_route=\/wp\/v2\/media\/770"}],"wp:attachment":[{"href":"http:\/\/wgphoto.pl\/t\/index.php?rest_route=%2Fwp%2Fv2%2Fmedia&parent=769"}],"wp:term":[{"taxonomy":"category","embeddable":true,"href":"http:\/\/wgphoto.pl\/t\/index.php?rest_route=%2Fwp%2Fv2%2Fcategories&post=769"},{"taxonomy":"post_tag","embeddable":true,"href":"http:\/\/wgphoto.pl\/t\/index.php?rest_route=%2Fwp%2Fv2%2Ftags&post=769"}],"curies":[{"name":"wp","href":"https:\/\/api.w.org\/{rel}","templated":true}]}}