{"id":7824,"date":"2024-12-14T16:04:14","date_gmt":"2024-12-14T15:04:14","guid":{"rendered":"https:\/\/wgphoto.pl\/t\/?p=7824"},"modified":"2024-12-14T16:04:14","modified_gmt":"2024-12-14T15:04:14","slug":"pociag-w-miescie-3","status":"publish","type":"post","link":"http:\/\/wgphoto.pl\/t\/?p=7824","title":{"rendered":"Poci\u0105g w mie\u015bcie"},"content":{"rendered":"\n<figure class=\"wp-block-image aligncenter size-full\"><img loading=\"lazy\" decoding=\"async\" width=\"1200\" height=\"795\" src=\"https:\/\/wgphoto.pl\/t\/wp-content\/uploads\/2024\/12\/IMGP8464.jpg\" alt=\"\" class=\"wp-image-7825\" srcset=\"http:\/\/wgphoto.pl\/t\/wp-content\/uploads\/2024\/12\/IMGP8464.jpg 1200w, http:\/\/wgphoto.pl\/t\/wp-content\/uploads\/2024\/12\/IMGP8464-300x199.jpg 300w, http:\/\/wgphoto.pl\/t\/wp-content\/uploads\/2024\/12\/IMGP8464-768x509.jpg 768w\" sizes=\"auto, (max-width: 1200px) 100vw, 1200px\" \/><\/figure>\n\n\n\n<div class=\"wp-block-group has-global-padding is-layout-constrained wp-block-group-is-layout-constrained\">\n<p>Chur, Engadinstrasse albo, j\u0119zykiem kolejowym, odcinek Chur &#8211; Chur Stadt. Ma\u0142y Stadlerek, kt\u00f3ry na ulicy nie jest wcale taki ma\u0142y, par\u0119 minut temu rozpocz\u0105\u0142 kurs 1417 relacji Chur &#8211; Arosa. 2018-03-27<\/p>\n<\/div>\n","protected":false},"excerpt":{"rendered":"<p>Chur, Engadinstrasse albo, j\u0119zykiem kolejowym, odcinek Chur &#8211; Chur Stadt. Ma\u0142y Stadlerek, kt\u00f3ry na ulicy nie jest wcale taki ma\u0142y, par\u0119 minut temu rozpocz\u0105\u0142 kurs 1417 relacji Chur &#8211; Arosa. 2018-03-27<\/p>\n","protected":false},"author":1,"featured_media":7825,"comment_status":"open","ping_status":"","sticky":false,"template":"","format":"standard","meta":{"footnotes":""},"categories":[2,156],"tags":[545,91,2357,13,230,176,737,735,183,186],"class_list":["post-7824","post","type-post","status-publish","format-standard","has-post-thumbnail","hentry","category-kolej","category-rok-2018","tag-2018-03-27","tag-blue-hour","tag-chur","tag-deszcz","tag-infrastruktura","tag-rano","tag-rhatische-bahn","tag-stadler-allegra","tag-suissetrip-2018","tag-szwajcaria"],"_links":{"self":[{"href":"http:\/\/wgphoto.pl\/t\/index.php?rest_route=\/wp\/v2\/posts\/7824","targetHints":{"allow":["GET"]}}],"collection":[{"href":"http:\/\/wgphoto.pl\/t\/index.php?rest_route=\/wp\/v2\/posts"}],"about":[{"href":"http:\/\/wgphoto.pl\/t\/index.php?rest_route=\/wp\/v2\/types\/post"}],"author":[{"embeddable":true,"href":"http:\/\/wgphoto.pl\/t\/index.php?rest_route=\/wp\/v2\/users\/1"}],"replies":[{"embeddable":true,"href":"http:\/\/wgphoto.pl\/t\/index.php?rest_route=%2Fwp%2Fv2%2Fcomments&post=7824"}],"version-history":[{"count":1,"href":"http:\/\/wgphoto.pl\/t\/index.php?rest_route=\/wp\/v2\/posts\/7824\/revisions"}],"predecessor-version":[{"id":7826,"href":"http:\/\/wgphoto.pl\/t\/index.php?rest_route=\/wp\/v2\/posts\/7824\/revisions\/7826"}],"wp:featuredmedia":[{"embeddable":true,"href":"http:\/\/wgphoto.pl\/t\/index.php?rest_route=\/wp\/v2\/media\/7825"}],"wp:attachment":[{"href":"http:\/\/wgphoto.pl\/t\/index.php?rest_route=%2Fwp%2Fv2%2Fmedia&parent=7824"}],"wp:term":[{"taxonomy":"category","embeddable":true,"href":"http:\/\/wgphoto.pl\/t\/index.php?rest_route=%2Fwp%2Fv2%2Fcategories&post=7824"},{"taxonomy":"post_tag","embeddable":true,"href":"http:\/\/wgphoto.pl\/t\/index.php?rest_route=%2Fwp%2Fv2%2Ftags&post=7824"}],"curies":[{"name":"wp","href":"https:\/\/api.w.org\/{rel}","templated":true}]}}