{"id":7828,"date":"2024-12-15T12:58:55","date_gmt":"2024-12-15T11:58:55","guid":{"rendered":"https:\/\/wgphoto.pl\/t\/?p=7828"},"modified":"2024-12-15T12:58:55","modified_gmt":"2024-12-15T11:58:55","slug":"wzorcowa-przesiadka","status":"publish","type":"post","link":"http:\/\/wgphoto.pl\/t\/?p=7828","title":{"rendered":"Wzorcowa przesiadka"},"content":{"rendered":"\n<figure class=\"wp-block-image aligncenter size-full\"><img loading=\"lazy\" decoding=\"async\" width=\"990\" height=\"660\" src=\"https:\/\/wgphoto.pl\/t\/wp-content\/uploads\/2024\/12\/dscf7852.jpg\" alt=\"\" class=\"wp-image-7829\" srcset=\"http:\/\/wgphoto.pl\/t\/wp-content\/uploads\/2024\/12\/dscf7852.jpg 990w, http:\/\/wgphoto.pl\/t\/wp-content\/uploads\/2024\/12\/dscf7852-300x200.jpg 300w, http:\/\/wgphoto.pl\/t\/wp-content\/uploads\/2024\/12\/dscf7852-768x512.jpg 768w\" sizes=\"auto, (max-width: 990px) 100vw, 990px\" \/><\/figure>\n\n\n\n<div class=\"wp-block-group has-global-padding is-layout-constrained wp-block-group-is-layout-constrained\">\n<p>Praga, ul. Havl\u00ed\u010dkova. Wychodz\u0105c z Dworca Masaryka trafiamy wprost w \u015br\u00f3dmiejski gwar. Warto zwr\u00f3ci\u0107 uwag\u0119 na bardzo dogodn\u0105 przesiadk\u0119 pomi\u0119dzy poci\u0105gami (g\u0142\u00f3wnie podmiejskimi) a tramwajami &#8211; droga doj\u015bcia na przystanki nie mog\u0142a by\u0107 ju\u017c kr\u00f3tsza. 2008-11-09<\/p>\n<\/div>\n","protected":false},"excerpt":{"rendered":"<p>Praga, ul. Havl\u00ed\u010dkova. Wychodz\u0105c z Dworca Masaryka trafiamy wprost w \u015br\u00f3dmiejski gwar. Warto zwr\u00f3ci\u0107 uwag\u0119 na bardzo dogodn\u0105 przesiadk\u0119 pomi\u0119dzy poci\u0105gami (g\u0142\u00f3wnie podmiejskimi) a tramwajami &#8211; droga doj\u015bcia na przystanki nie mog\u0142a by\u0107 ju\u017c kr\u00f3tsza. 2008-11-09<\/p>\n","protected":false},"author":1,"featured_media":7829,"comment_status":"open","ping_status":"","sticky":false,"template":"","format":"standard","meta":{"footnotes":""},"categories":[120,3],"tags":[2113,49,1049,52,380,1011],"class_list":["post-7828","post","type-post","status-publish","format-standard","has-post-thumbnail","hentry","category-rok-2008","category-tramwaj","tag-2008-11-09","tag-czechy","tag-dp-praha","tag-praga","tag-spod-dworca","tag-tatra-t3"],"_links":{"self":[{"href":"http:\/\/wgphoto.pl\/t\/index.php?rest_route=\/wp\/v2\/posts\/7828","targetHints":{"allow":["GET"]}}],"collection":[{"href":"http:\/\/wgphoto.pl\/t\/index.php?rest_route=\/wp\/v2\/posts"}],"about":[{"href":"http:\/\/wgphoto.pl\/t\/index.php?rest_route=\/wp\/v2\/types\/post"}],"author":[{"embeddable":true,"href":"http:\/\/wgphoto.pl\/t\/index.php?rest_route=\/wp\/v2\/users\/1"}],"replies":[{"embeddable":true,"href":"http:\/\/wgphoto.pl\/t\/index.php?rest_route=%2Fwp%2Fv2%2Fcomments&post=7828"}],"version-history":[{"count":1,"href":"http:\/\/wgphoto.pl\/t\/index.php?rest_route=\/wp\/v2\/posts\/7828\/revisions"}],"predecessor-version":[{"id":7830,"href":"http:\/\/wgphoto.pl\/t\/index.php?rest_route=\/wp\/v2\/posts\/7828\/revisions\/7830"}],"wp:featuredmedia":[{"embeddable":true,"href":"http:\/\/wgphoto.pl\/t\/index.php?rest_route=\/wp\/v2\/media\/7829"}],"wp:attachment":[{"href":"http:\/\/wgphoto.pl\/t\/index.php?rest_route=%2Fwp%2Fv2%2Fmedia&parent=7828"}],"wp:term":[{"taxonomy":"category","embeddable":true,"href":"http:\/\/wgphoto.pl\/t\/index.php?rest_route=%2Fwp%2Fv2%2Fcategories&post=7828"},{"taxonomy":"post_tag","embeddable":true,"href":"http:\/\/wgphoto.pl\/t\/index.php?rest_route=%2Fwp%2Fv2%2Ftags&post=7828"}],"curies":[{"name":"wp","href":"https:\/\/api.w.org\/{rel}","templated":true}]}}