{"id":7831,"date":"2024-12-15T12:59:51","date_gmt":"2024-12-15T11:59:51","guid":{"rendered":"https:\/\/wgphoto.pl\/t\/?p=7831"},"modified":"2024-12-15T12:59:51","modified_gmt":"2024-12-15T11:59:51","slug":"bumliki","status":"publish","type":"post","link":"http:\/\/wgphoto.pl\/t\/?p=7831","title":{"rendered":"Bumliki"},"content":{"rendered":"\n<figure class=\"wp-block-image aligncenter size-full\"><img loading=\"lazy\" decoding=\"async\" width=\"990\" height=\"730\" src=\"https:\/\/wgphoto.pl\/t\/wp-content\/uploads\/2024\/12\/dscf7853.jpg\" alt=\"\" class=\"wp-image-7832\" srcset=\"http:\/\/wgphoto.pl\/t\/wp-content\/uploads\/2024\/12\/dscf7853.jpg 990w, http:\/\/wgphoto.pl\/t\/wp-content\/uploads\/2024\/12\/dscf7853-300x221.jpg 300w, http:\/\/wgphoto.pl\/t\/wp-content\/uploads\/2024\/12\/dscf7853-768x566.jpg 768w\" sizes=\"auto, (max-width: 990px) 100vw, 990px\" \/><\/figure>\n\n\n\n<div class=\"wp-block-group has-global-padding is-layout-constrained wp-block-group-is-layout-constrained\">\n<p>Praga, ul. Havl\u00ed\u010dkova. Zmodernizowany KT8 za chwil\u0119 zatrzyma si\u0119 na przystanku pod Dworcem Masaryka. Tytu\u0142owe bumliki to wygrodzenie torowiska w formie nieco bardziej sugestywnej od linii wymalowanej na jezdni. 09.11.2008<\/p>\n<\/div>\n","protected":false},"excerpt":{"rendered":"<p>Praga, ul. Havl\u00ed\u010dkova. Zmodernizowany KT8 za chwil\u0119 zatrzyma si\u0119 na przystanku pod Dworcem Masaryka. Tytu\u0142owe bumliki to wygrodzenie torowiska w formie nieco bardziej sugestywnej od linii wymalowanej na jezdni. 09.11.2008<\/p>\n","protected":false},"author":1,"featured_media":7832,"comment_status":"open","ping_status":"","sticky":false,"template":"","format":"standard","meta":{"footnotes":""},"categories":[120,3],"tags":[2113,34,49,1049,230,52,1075],"class_list":["post-7831","post","type-post","status-publish","format-standard","has-post-thumbnail","hentry","category-rok-2008","category-tramwaj","tag-2008-11-09","tag-architektura","tag-czechy","tag-dp-praha","tag-infrastruktura","tag-praga","tag-tatra-kt8"],"_links":{"self":[{"href":"http:\/\/wgphoto.pl\/t\/index.php?rest_route=\/wp\/v2\/posts\/7831","targetHints":{"allow":["GET"]}}],"collection":[{"href":"http:\/\/wgphoto.pl\/t\/index.php?rest_route=\/wp\/v2\/posts"}],"about":[{"href":"http:\/\/wgphoto.pl\/t\/index.php?rest_route=\/wp\/v2\/types\/post"}],"author":[{"embeddable":true,"href":"http:\/\/wgphoto.pl\/t\/index.php?rest_route=\/wp\/v2\/users\/1"}],"replies":[{"embeddable":true,"href":"http:\/\/wgphoto.pl\/t\/index.php?rest_route=%2Fwp%2Fv2%2Fcomments&post=7831"}],"version-history":[{"count":1,"href":"http:\/\/wgphoto.pl\/t\/index.php?rest_route=\/wp\/v2\/posts\/7831\/revisions"}],"predecessor-version":[{"id":7833,"href":"http:\/\/wgphoto.pl\/t\/index.php?rest_route=\/wp\/v2\/posts\/7831\/revisions\/7833"}],"wp:featuredmedia":[{"embeddable":true,"href":"http:\/\/wgphoto.pl\/t\/index.php?rest_route=\/wp\/v2\/media\/7832"}],"wp:attachment":[{"href":"http:\/\/wgphoto.pl\/t\/index.php?rest_route=%2Fwp%2Fv2%2Fmedia&parent=7831"}],"wp:term":[{"taxonomy":"category","embeddable":true,"href":"http:\/\/wgphoto.pl\/t\/index.php?rest_route=%2Fwp%2Fv2%2Fcategories&post=7831"},{"taxonomy":"post_tag","embeddable":true,"href":"http:\/\/wgphoto.pl\/t\/index.php?rest_route=%2Fwp%2Fv2%2Ftags&post=7831"}],"curies":[{"name":"wp","href":"https:\/\/api.w.org\/{rel}","templated":true}]}}