{"id":7840,"date":"2024-12-15T13:03:57","date_gmt":"2024-12-15T12:03:57","guid":{"rendered":"https:\/\/wgphoto.pl\/t\/?p=7840"},"modified":"2024-12-15T13:03:57","modified_gmt":"2024-12-15T12:03:57","slug":"gottardo-monserrato","status":"publish","type":"post","link":"http:\/\/wgphoto.pl\/t\/?p=7840","title":{"rendered":"Gottardo\/Monserrato"},"content":{"rendered":"\n<figure class=\"wp-block-image aligncenter size-full\"><img loading=\"lazy\" decoding=\"async\" width=\"1024\" height=\"683\" src=\"https:\/\/wgphoto.pl\/t\/wp-content\/uploads\/2024\/12\/IMGP7225.jpg\" alt=\"\" class=\"wp-image-7841\" srcset=\"http:\/\/wgphoto.pl\/t\/wp-content\/uploads\/2024\/12\/IMGP7225.jpg 1024w, http:\/\/wgphoto.pl\/t\/wp-content\/uploads\/2024\/12\/IMGP7225-300x200.jpg 300w, http:\/\/wgphoto.pl\/t\/wp-content\/uploads\/2024\/12\/IMGP7225-768x512.jpg 768w\" sizes=\"auto, (max-width: 1024px) 100vw, 1024px\" \/><\/figure>\n\n\n\n<div class=\"wp-block-group has-global-padding is-layout-constrained wp-block-group-is-layout-constrained\">\n<p>ADe 91 z\u0142apany na jednym z bok\u00f3w tr\u00f3jk\u0105ta na po\u0142\u0105czeniu linii kolejowej z tramwajow\u0105 (dawniej kolejow\u0105). W tle widoczna jest wiata na peronie stacji Monserrato, kt\u00f3rej funkcj\u0119 przej\u0105\u0142 wsp\u00f3lny przystanek tramwajowo &#8211; kolejowy Gottardo, znajduj\u0105cy si\u0119 za lew\u0105 kraw\u0119dzi\u0105 kadru. 22.03.2012<\/p>\n<\/div>\n","protected":false},"excerpt":{"rendered":"<p>ADe 91 z\u0142apany na jednym z bok\u00f3w tr\u00f3jk\u0105ta na po\u0142\u0105czeniu linii kolejowej z tramwajow\u0105 (dawniej kolejow\u0105). W tle widoczna jest wiata na peronie stacji Monserrato, kt\u00f3rej funkcj\u0119 przej\u0105\u0142 wsp\u00f3lny przystanek tramwajowo &#8211; kolejowy Gottardo, znajduj\u0105cy si\u0119 za lew\u0105 kraw\u0119dzi\u0105 kadru. 22.03.2012<\/p>\n","protected":false},"author":1,"featured_media":7841,"comment_status":"open","ping_status":"","sticky":false,"template":"","format":"standard","meta":{"footnotes":""},"categories":[2,46],"tags":[2647,2648,1693,1691,110],"class_list":["post-7840","post","type-post","status-publish","format-standard","has-post-thumbnail","hentry","category-kolej","category-rok-2012","tag-2012-03-22","tag-cagliari","tag-fds-cagliari","tag-sardynia","tag-wlochy"],"_links":{"self":[{"href":"http:\/\/wgphoto.pl\/t\/index.php?rest_route=\/wp\/v2\/posts\/7840","targetHints":{"allow":["GET"]}}],"collection":[{"href":"http:\/\/wgphoto.pl\/t\/index.php?rest_route=\/wp\/v2\/posts"}],"about":[{"href":"http:\/\/wgphoto.pl\/t\/index.php?rest_route=\/wp\/v2\/types\/post"}],"author":[{"embeddable":true,"href":"http:\/\/wgphoto.pl\/t\/index.php?rest_route=\/wp\/v2\/users\/1"}],"replies":[{"embeddable":true,"href":"http:\/\/wgphoto.pl\/t\/index.php?rest_route=%2Fwp%2Fv2%2Fcomments&post=7840"}],"version-history":[{"count":1,"href":"http:\/\/wgphoto.pl\/t\/index.php?rest_route=\/wp\/v2\/posts\/7840\/revisions"}],"predecessor-version":[{"id":7842,"href":"http:\/\/wgphoto.pl\/t\/index.php?rest_route=\/wp\/v2\/posts\/7840\/revisions\/7842"}],"wp:featuredmedia":[{"embeddable":true,"href":"http:\/\/wgphoto.pl\/t\/index.php?rest_route=\/wp\/v2\/media\/7841"}],"wp:attachment":[{"href":"http:\/\/wgphoto.pl\/t\/index.php?rest_route=%2Fwp%2Fv2%2Fmedia&parent=7840"}],"wp:term":[{"taxonomy":"category","embeddable":true,"href":"http:\/\/wgphoto.pl\/t\/index.php?rest_route=%2Fwp%2Fv2%2Fcategories&post=7840"},{"taxonomy":"post_tag","embeddable":true,"href":"http:\/\/wgphoto.pl\/t\/index.php?rest_route=%2Fwp%2Fv2%2Ftags&post=7840"}],"curies":[{"name":"wp","href":"https:\/\/api.w.org\/{rel}","templated":true}]}}