{"id":7855,"date":"2024-12-15T13:12:42","date_gmt":"2024-12-15T12:12:42","guid":{"rendered":"https:\/\/wgphoto.pl\/t\/?p=7855"},"modified":"2024-12-15T13:12:42","modified_gmt":"2024-12-15T12:12:42","slug":"stubaitalbahn","status":"publish","type":"post","link":"http:\/\/wgphoto.pl\/t\/?p=7855","title":{"rendered":"Stubaitalbahn"},"content":{"rendered":"\n<figure class=\"wp-block-image aligncenter size-full\"><img loading=\"lazy\" decoding=\"async\" width=\"1200\" height=\"795\" src=\"https:\/\/wgphoto.pl\/t\/wp-content\/uploads\/2024\/12\/IMGP7040.jpg\" alt=\"\" class=\"wp-image-7856\" srcset=\"http:\/\/wgphoto.pl\/t\/wp-content\/uploads\/2024\/12\/IMGP7040.jpg 1200w, http:\/\/wgphoto.pl\/t\/wp-content\/uploads\/2024\/12\/IMGP7040-300x199.jpg 300w, http:\/\/wgphoto.pl\/t\/wp-content\/uploads\/2024\/12\/IMGP7040-768x509.jpg 768w\" sizes=\"auto, (max-width: 1200px) 100vw, 1200px\" \/><\/figure>\n\n\n\n<div class=\"wp-block-group has-global-padding is-layout-constrained wp-block-group-is-layout-constrained\">\n<p>Tramwaj linii STB przed kilkoma minutami opu\u015bci\u0142 pocz\u0105tkowy przystanek &#8211; Fulpmes &#8211; i kieruje si\u0119 do centrum Innsbrucku, wspinaj\u0105c si\u0119 na najwy\u017cszy punkt swej trasy (1003 m n.p.m.), kt\u00f3ry osi\u0105gnie w miejscowo\u015bci Telfes, widocznej po prawej stronie w tle. Ponaddwudziestokilometrowa podr\u00f3\u017c (sam odcinek Stubaitalbahn mierzy 18,2 km, do kt\u00f3rych dochodzi fragment miejski), w trakcie kt\u00f3rej bordowe Bombardiery pokonuj\u0105 przewy\u017cszenie o warto\u015bci ponad 400 metr\u00f3w, zajmuje rozk\u0142adowo 61 minut. 19.08.2014<\/p>\n<\/div>\n","protected":false},"excerpt":{"rendered":"<p>Tramwaj linii STB przed kilkoma minutami opu\u015bci\u0142 pocz\u0105tkowy przystanek &#8211; Fulpmes &#8211; i kieruje si\u0119 do centrum Innsbrucku, wspinaj\u0105c si\u0119 na najwy\u017cszy punkt swej trasy (1003 m n.p.m.), kt\u00f3ry osi\u0105gnie w miejscowo\u015bci Telfes, widocznej po prawej stronie w tle. Ponaddwudziestokilometrowa podr\u00f3\u017c (sam odcinek Stubaitalbahn mierzy 18,2 km, do kt\u00f3rych dochodzi fragment miejski), w trakcie kt\u00f3rej [&hellip;]<\/p>\n","protected":false},"author":1,"featured_media":7856,"comment_status":"open","ping_status":"","sticky":false,"template":"","format":"standard","meta":{"footnotes":""},"categories":[48,3],"tags":[1397,9,185,241,242,113,1396,561],"class_list":["post-7855","post","type-post","status-publish","format-standard","has-post-thumbnail","hentry","category-rok-2014","category-tramwaj","tag-2014-08-19","tag-austria","tag-cityrunner","tag-innsbruck","tag-ivb-innsbruck","tag-landszaft","tag-stubaitalbahn","tag-tramwaj-podmiejski"],"_links":{"self":[{"href":"http:\/\/wgphoto.pl\/t\/index.php?rest_route=\/wp\/v2\/posts\/7855","targetHints":{"allow":["GET"]}}],"collection":[{"href":"http:\/\/wgphoto.pl\/t\/index.php?rest_route=\/wp\/v2\/posts"}],"about":[{"href":"http:\/\/wgphoto.pl\/t\/index.php?rest_route=\/wp\/v2\/types\/post"}],"author":[{"embeddable":true,"href":"http:\/\/wgphoto.pl\/t\/index.php?rest_route=\/wp\/v2\/users\/1"}],"replies":[{"embeddable":true,"href":"http:\/\/wgphoto.pl\/t\/index.php?rest_route=%2Fwp%2Fv2%2Fcomments&post=7855"}],"version-history":[{"count":1,"href":"http:\/\/wgphoto.pl\/t\/index.php?rest_route=\/wp\/v2\/posts\/7855\/revisions"}],"predecessor-version":[{"id":7857,"href":"http:\/\/wgphoto.pl\/t\/index.php?rest_route=\/wp\/v2\/posts\/7855\/revisions\/7857"}],"wp:featuredmedia":[{"embeddable":true,"href":"http:\/\/wgphoto.pl\/t\/index.php?rest_route=\/wp\/v2\/media\/7856"}],"wp:attachment":[{"href":"http:\/\/wgphoto.pl\/t\/index.php?rest_route=%2Fwp%2Fv2%2Fmedia&parent=7855"}],"wp:term":[{"taxonomy":"category","embeddable":true,"href":"http:\/\/wgphoto.pl\/t\/index.php?rest_route=%2Fwp%2Fv2%2Fcategories&post=7855"},{"taxonomy":"post_tag","embeddable":true,"href":"http:\/\/wgphoto.pl\/t\/index.php?rest_route=%2Fwp%2Fv2%2Ftags&post=7855"}],"curies":[{"name":"wp","href":"https:\/\/api.w.org\/{rel}","templated":true}]}}