{"id":7858,"date":"2024-12-15T13:13:43","date_gmt":"2024-12-15T12:13:43","guid":{"rendered":"https:\/\/wgphoto.pl\/t\/?p=7858"},"modified":"2024-12-15T13:13:43","modified_gmt":"2024-12-15T12:13:43","slug":"gorski-tramwaj","status":"publish","type":"post","link":"http:\/\/wgphoto.pl\/t\/?p=7858","title":{"rendered":"G\u00f3rski tramwaj"},"content":{"rendered":"\n<figure class=\"wp-block-image aligncenter size-full\"><img loading=\"lazy\" decoding=\"async\" width=\"1050\" height=\"700\" src=\"https:\/\/wgphoto.pl\/t\/wp-content\/uploads\/2024\/12\/IMGP7082.jpg\" alt=\"\" class=\"wp-image-7859\" srcset=\"http:\/\/wgphoto.pl\/t\/wp-content\/uploads\/2024\/12\/IMGP7082.jpg 1050w, http:\/\/wgphoto.pl\/t\/wp-content\/uploads\/2024\/12\/IMGP7082-300x200.jpg 300w, http:\/\/wgphoto.pl\/t\/wp-content\/uploads\/2024\/12\/IMGP7082-768x512.jpg 768w\" sizes=\"auto, (max-width: 1050px) 100vw, 1050px\" \/><\/figure>\n\n\n\n<div class=\"wp-block-group has-global-padding is-layout-constrained wp-block-group-is-layout-constrained\">\n<p>Miejsce z poprzedniego zdj\u0119cia widziane od drugiej strony zdradza nieco bardziej g\u00f3rskie oblicze okolicy. Widoczna p\u0119tla, wraz z drug\u0105 &#8211; wywini\u0119t\u0105 w przeciwnym kierunku, pozwalaj\u0105 na zjazd o &#8222;par\u0119&#8221; metr\u00f3w do Fulpmes, po\u0142o\u017conego w dolinie za tramwajem. 19.08.2014<\/p>\n<\/div>\n","protected":false},"excerpt":{"rendered":"<p>Miejsce z poprzedniego zdj\u0119cia widziane od drugiej strony zdradza nieco bardziej g\u00f3rskie oblicze okolicy. Widoczna p\u0119tla, wraz z drug\u0105 &#8211; wywini\u0119t\u0105 w przeciwnym kierunku, pozwalaj\u0105 na zjazd o &#8222;par\u0119&#8221; metr\u00f3w do Fulpmes, po\u0142o\u017conego w dolinie za tramwajem. 19.08.2014<\/p>\n","protected":false},"author":1,"featured_media":7859,"comment_status":"open","ping_status":"","sticky":false,"template":"","format":"standard","meta":{"footnotes":""},"categories":[48,3],"tags":[1397,9,185,114,241,242,1396,561],"class_list":["post-7858","post","type-post","status-publish","format-standard","has-post-thumbnail","hentry","category-rok-2014","category-tramwaj","tag-2014-08-19","tag-austria","tag-cityrunner","tag-gory","tag-innsbruck","tag-ivb-innsbruck","tag-stubaitalbahn","tag-tramwaj-podmiejski"],"_links":{"self":[{"href":"http:\/\/wgphoto.pl\/t\/index.php?rest_route=\/wp\/v2\/posts\/7858","targetHints":{"allow":["GET"]}}],"collection":[{"href":"http:\/\/wgphoto.pl\/t\/index.php?rest_route=\/wp\/v2\/posts"}],"about":[{"href":"http:\/\/wgphoto.pl\/t\/index.php?rest_route=\/wp\/v2\/types\/post"}],"author":[{"embeddable":true,"href":"http:\/\/wgphoto.pl\/t\/index.php?rest_route=\/wp\/v2\/users\/1"}],"replies":[{"embeddable":true,"href":"http:\/\/wgphoto.pl\/t\/index.php?rest_route=%2Fwp%2Fv2%2Fcomments&post=7858"}],"version-history":[{"count":1,"href":"http:\/\/wgphoto.pl\/t\/index.php?rest_route=\/wp\/v2\/posts\/7858\/revisions"}],"predecessor-version":[{"id":7860,"href":"http:\/\/wgphoto.pl\/t\/index.php?rest_route=\/wp\/v2\/posts\/7858\/revisions\/7860"}],"wp:featuredmedia":[{"embeddable":true,"href":"http:\/\/wgphoto.pl\/t\/index.php?rest_route=\/wp\/v2\/media\/7859"}],"wp:attachment":[{"href":"http:\/\/wgphoto.pl\/t\/index.php?rest_route=%2Fwp%2Fv2%2Fmedia&parent=7858"}],"wp:term":[{"taxonomy":"category","embeddable":true,"href":"http:\/\/wgphoto.pl\/t\/index.php?rest_route=%2Fwp%2Fv2%2Fcategories&post=7858"},{"taxonomy":"post_tag","embeddable":true,"href":"http:\/\/wgphoto.pl\/t\/index.php?rest_route=%2Fwp%2Fv2%2Ftags&post=7858"}],"curies":[{"name":"wp","href":"https:\/\/api.w.org\/{rel}","templated":true}]}}