{"id":7873,"date":"2024-12-15T13:19:09","date_gmt":"2024-12-15T12:19:09","guid":{"rendered":"https:\/\/wgphoto.pl\/t\/?p=7873"},"modified":"2024-12-15T13:19:09","modified_gmt":"2024-12-15T12:19:09","slug":"muhlgrabenviadukt-i","status":"publish","type":"post","link":"http:\/\/wgphoto.pl\/t\/?p=7873","title":{"rendered":"M\u00fchlgrabenviadukt I"},"content":{"rendered":"\n<figure class=\"wp-block-image aligncenter size-full\"><img loading=\"lazy\" decoding=\"async\" width=\"1050\" height=\"700\" src=\"https:\/\/wgphoto.pl\/t\/wp-content\/uploads\/2024\/12\/IMGP6940-1.jpg\" alt=\"\" class=\"wp-image-7874\" srcset=\"http:\/\/wgphoto.pl\/t\/wp-content\/uploads\/2024\/12\/IMGP6940-1.jpg 1050w, http:\/\/wgphoto.pl\/t\/wp-content\/uploads\/2024\/12\/IMGP6940-1-300x200.jpg 300w, http:\/\/wgphoto.pl\/t\/wp-content\/uploads\/2024\/12\/IMGP6940-1-768x512.jpg 768w\" sizes=\"auto, (max-width: 1050px) 100vw, 1050px\" \/><\/figure>\n\n\n\n<div class=\"wp-block-group has-global-padding is-layout-constrained wp-block-group-is-layout-constrained\">\n<p>Poza g\u00f3rskimi widokami na trasie do Fulpmes mo\u017cna napotka\u0107 tak\u017ce takie interesuj\u0105ce obiekty, kojarz\u0105ce si\u0119 raczej z kolej\u0105 ni\u017c tramwajem. Powy\u017cej podziwia\u0107 mo\u017cna wiadukt (a raczej most, gdy\u017c p\u0142ynie tam jaki\u015b ciek wodny) zlokalizowany pomi\u0119dzy przystankami Raitis i Nockhofweg Muttereralmbahn, i zazwyczaj fotografowany w jednakowym uj\u0119ciu z &#8222;punktu widokowego&#8221;. 2014-08-19<\/p>\n<\/div>\n","protected":false},"excerpt":{"rendered":"<p>Poza g\u00f3rskimi widokami na trasie do Fulpmes mo\u017cna napotka\u0107 tak\u017ce takie interesuj\u0105ce obiekty, kojarz\u0105ce si\u0119 raczej z kolej\u0105 ni\u017c tramwajem. Powy\u017cej podziwia\u0107 mo\u017cna wiadukt (a raczej most, gdy\u017c p\u0142ynie tam jaki\u015b ciek wodny) zlokalizowany pomi\u0119dzy przystankami Raitis i Nockhofweg Muttereralmbahn, i zazwyczaj fotografowany w jednakowym uj\u0119ciu z &#8222;punktu widokowego&#8221;. 2014-08-19<\/p>\n","protected":false},"author":1,"featured_media":7874,"comment_status":"open","ping_status":"","sticky":false,"template":"","format":"standard","meta":{"footnotes":""},"categories":[48,3],"tags":[1397,9,185,241,242,45,1396,561],"class_list":["post-7873","post","type-post","status-publish","format-standard","has-post-thumbnail","hentry","category-rok-2014","category-tramwaj","tag-2014-08-19","tag-austria","tag-cityrunner","tag-innsbruck","tag-ivb-innsbruck","tag-most","tag-stubaitalbahn","tag-tramwaj-podmiejski"],"_links":{"self":[{"href":"http:\/\/wgphoto.pl\/t\/index.php?rest_route=\/wp\/v2\/posts\/7873","targetHints":{"allow":["GET"]}}],"collection":[{"href":"http:\/\/wgphoto.pl\/t\/index.php?rest_route=\/wp\/v2\/posts"}],"about":[{"href":"http:\/\/wgphoto.pl\/t\/index.php?rest_route=\/wp\/v2\/types\/post"}],"author":[{"embeddable":true,"href":"http:\/\/wgphoto.pl\/t\/index.php?rest_route=\/wp\/v2\/users\/1"}],"replies":[{"embeddable":true,"href":"http:\/\/wgphoto.pl\/t\/index.php?rest_route=%2Fwp%2Fv2%2Fcomments&post=7873"}],"version-history":[{"count":1,"href":"http:\/\/wgphoto.pl\/t\/index.php?rest_route=\/wp\/v2\/posts\/7873\/revisions"}],"predecessor-version":[{"id":7875,"href":"http:\/\/wgphoto.pl\/t\/index.php?rest_route=\/wp\/v2\/posts\/7873\/revisions\/7875"}],"wp:featuredmedia":[{"embeddable":true,"href":"http:\/\/wgphoto.pl\/t\/index.php?rest_route=\/wp\/v2\/media\/7874"}],"wp:attachment":[{"href":"http:\/\/wgphoto.pl\/t\/index.php?rest_route=%2Fwp%2Fv2%2Fmedia&parent=7873"}],"wp:term":[{"taxonomy":"category","embeddable":true,"href":"http:\/\/wgphoto.pl\/t\/index.php?rest_route=%2Fwp%2Fv2%2Fcategories&post=7873"},{"taxonomy":"post_tag","embeddable":true,"href":"http:\/\/wgphoto.pl\/t\/index.php?rest_route=%2Fwp%2Fv2%2Ftags&post=7873"}],"curies":[{"name":"wp","href":"https:\/\/api.w.org\/{rel}","templated":true}]}}