{"id":7879,"date":"2024-12-15T13:21:19","date_gmt":"2024-12-15T12:21:19","guid":{"rendered":"https:\/\/wgphoto.pl\/t\/?p=7879"},"modified":"2024-12-15T13:21:19","modified_gmt":"2024-12-15T12:21:19","slug":"wiedenski-s-bahn","status":"publish","type":"post","link":"http:\/\/wgphoto.pl\/t\/?p=7879","title":{"rendered":"Wiede\u0144ski S-bahn"},"content":{"rendered":"\n<figure class=\"wp-block-image aligncenter size-full\"><img loading=\"lazy\" decoding=\"async\" width=\"1300\" height=\"861\" src=\"https:\/\/wgphoto.pl\/t\/wp-content\/uploads\/2024\/12\/IMGP6653.jpg\" alt=\"\" class=\"wp-image-7880\" srcset=\"http:\/\/wgphoto.pl\/t\/wp-content\/uploads\/2024\/12\/IMGP6653.jpg 1300w, http:\/\/wgphoto.pl\/t\/wp-content\/uploads\/2024\/12\/IMGP6653-300x199.jpg 300w, http:\/\/wgphoto.pl\/t\/wp-content\/uploads\/2024\/12\/IMGP6653-768x509.jpg 768w\" sizes=\"auto, (max-width: 1300px) 100vw, 1300px\" \/><\/figure>\n\n\n\n<div class=\"wp-block-group has-global-padding is-layout-constrained wp-block-group-is-layout-constrained\">\n<p>S-bahn linii S1 (poci\u0105g nr 23668 relacji M\u00f6dling &#8211; G\u00e4nserndorf), zestawiony z dw\u00f3ch jednostek serii 4020, bardzo charakterystycznych dla tutejszej kolei miejskiej, pokonuje most przez Dunaj tu\u017c za przystankiem Wien Handelskai. Kolej miejska nie pe\u0142ni szczeg\u00f3lnie znacz\u0105cej roli w poruszaniu si\u0119 po mie\u015bcie &#8211; z mojego punktu widzenia korzystanie z S-bahnu jest nieop\u0142acalne czasowo. Istniej\u0105 w zasadzie dwie wa\u017cniejsze trasy: prezentowana wy\u017cej \u015brednica, gdzie razem z poci\u0105gami regionalnymi kolej osi\u0105ga na odcinku Wien Floridsdorf &#8211; Wien Meidling bardzo wysok\u0105 cz\u0119stotliwo\u015b\u0107 kursowania rz\u0119du 5 minut, oraz wiod\u0105ca przez zachodnie dzielnice miasta linia S45, kursuj\u0105ca co 15 minut. Obie trasy dobrze uzupe\u0142niaj\u0105 system metra. 2014-08-16<\/p>\n<\/div>\n","protected":false},"excerpt":{"rendered":"<p>S-bahn linii S1 (poci\u0105g nr 23668 relacji M\u00f6dling &#8211; G\u00e4nserndorf), zestawiony z dw\u00f3ch jednostek serii 4020, bardzo charakterystycznych dla tutejszej kolei miejskiej, pokonuje most przez Dunaj tu\u017c za przystankiem Wien Handelskai. Kolej miejska nie pe\u0142ni szczeg\u00f3lnie znacz\u0105cej roli w poruszaniu si\u0119 po mie\u015bcie &#8211; z mojego punktu widzenia korzystanie z S-bahnu jest nieop\u0142acalne czasowo. Istniej\u0105 [&hellip;]<\/p>\n","protected":false},"author":1,"featured_media":7880,"comment_status":"open","ping_status":"","sticky":false,"template":"","format":"standard","meta":{"footnotes":""},"categories":[2,48],"tags":[1299,2326,9,1374,45,11,2322,97,2324],"class_list":["post-7879","post","type-post","status-publish","format-standard","has-post-thumbnail","hentry","category-kolej","category-rok-2014","tag-2014-08-16","tag-2326","tag-austria","tag-kolej-podmiejska","tag-most","tag-obb","tag-s-bahn-wien","tag-wieden","tag-wien-handelskai"],"_links":{"self":[{"href":"http:\/\/wgphoto.pl\/t\/index.php?rest_route=\/wp\/v2\/posts\/7879","targetHints":{"allow":["GET"]}}],"collection":[{"href":"http:\/\/wgphoto.pl\/t\/index.php?rest_route=\/wp\/v2\/posts"}],"about":[{"href":"http:\/\/wgphoto.pl\/t\/index.php?rest_route=\/wp\/v2\/types\/post"}],"author":[{"embeddable":true,"href":"http:\/\/wgphoto.pl\/t\/index.php?rest_route=\/wp\/v2\/users\/1"}],"replies":[{"embeddable":true,"href":"http:\/\/wgphoto.pl\/t\/index.php?rest_route=%2Fwp%2Fv2%2Fcomments&post=7879"}],"version-history":[{"count":1,"href":"http:\/\/wgphoto.pl\/t\/index.php?rest_route=\/wp\/v2\/posts\/7879\/revisions"}],"predecessor-version":[{"id":7881,"href":"http:\/\/wgphoto.pl\/t\/index.php?rest_route=\/wp\/v2\/posts\/7879\/revisions\/7881"}],"wp:featuredmedia":[{"embeddable":true,"href":"http:\/\/wgphoto.pl\/t\/index.php?rest_route=\/wp\/v2\/media\/7880"}],"wp:attachment":[{"href":"http:\/\/wgphoto.pl\/t\/index.php?rest_route=%2Fwp%2Fv2%2Fmedia&parent=7879"}],"wp:term":[{"taxonomy":"category","embeddable":true,"href":"http:\/\/wgphoto.pl\/t\/index.php?rest_route=%2Fwp%2Fv2%2Fcategories&post=7879"},{"taxonomy":"post_tag","embeddable":true,"href":"http:\/\/wgphoto.pl\/t\/index.php?rest_route=%2Fwp%2Fv2%2Ftags&post=7879"}],"curies":[{"name":"wp","href":"https:\/\/api.w.org\/{rel}","templated":true}]}}