{"id":7882,"date":"2024-12-15T13:22:49","date_gmt":"2024-12-15T12:22:49","guid":{"rendered":"https:\/\/wgphoto.pl\/t\/?p=7882"},"modified":"2024-12-15T13:22:49","modified_gmt":"2024-12-15T12:22:49","slug":"mijanka","status":"publish","type":"post","link":"http:\/\/wgphoto.pl\/t\/?p=7882","title":{"rendered":"Mijanka"},"content":{"rendered":"\n<figure class=\"wp-block-image aligncenter size-full\"><img loading=\"lazy\" decoding=\"async\" width=\"1300\" height=\"861\" src=\"https:\/\/wgphoto.pl\/t\/wp-content\/uploads\/2024\/12\/IMGP6621-2.jpg\" alt=\"\" class=\"wp-image-7883\" srcset=\"http:\/\/wgphoto.pl\/t\/wp-content\/uploads\/2024\/12\/IMGP6621-2.jpg 1300w, http:\/\/wgphoto.pl\/t\/wp-content\/uploads\/2024\/12\/IMGP6621-2-300x199.jpg 300w, http:\/\/wgphoto.pl\/t\/wp-content\/uploads\/2024\/12\/IMGP6621-2-768x509.jpg 768w\" sizes=\"auto, (max-width: 1300px) 100vw, 1300px\" \/><\/figure>\n\n\n\n<div class=\"wp-block-group has-global-padding is-layout-constrained wp-block-group-is-layout-constrained\">\n<p>Wiede\u0144, Marchfeldstra\u00dfe. Mijanka tramwaj\u00f3w najstarszej (zestaw E<sub>1<\/sub>+c<sub>3<\/sub>) i najnowszej (ULF typu B) generacji spo\u015br\u00f3d spotykanych obecnie w ruchu liniowym. Uwa\u017cny obserwator i tutaj dostrze\u017ce przejazd pod budynkiem &#8211; najmniej znany i chyba ca\u0142kiem nowy. 2014-08-16<\/p>\n<\/div>\n","protected":false},"excerpt":{"rendered":"<p>Wiede\u0144, Marchfeldstra\u00dfe. Mijanka tramwaj\u00f3w najstarszej (zestaw E1+c3) i najnowszej (ULF typu B) generacji spo\u015br\u00f3d spotykanych obecnie w ruchu liniowym. Uwa\u017cny obserwator i tutaj dostrze\u017ce przejazd pod budynkiem &#8211; najmniej znany i chyba ca\u0142kiem nowy. 2014-08-16<\/p>\n","protected":false},"author":1,"featured_media":7883,"comment_status":"open","ping_status":"","sticky":false,"template":"","format":"standard","meta":{"footnotes":""},"categories":[48,3],"tags":[1299,34,9,102,101,389,271,97,98],"class_list":["post-7882","post","type-post","status-publish","format-standard","has-post-thumbnail","hentry","category-rok-2014","category-tramwaj","tag-2014-08-16","tag-architektura","tag-austria","tag-e1","tag-gt6","tag-mijanka","tag-ulf","tag-wieden","tag-wiener-linien"],"_links":{"self":[{"href":"http:\/\/wgphoto.pl\/t\/index.php?rest_route=\/wp\/v2\/posts\/7882","targetHints":{"allow":["GET"]}}],"collection":[{"href":"http:\/\/wgphoto.pl\/t\/index.php?rest_route=\/wp\/v2\/posts"}],"about":[{"href":"http:\/\/wgphoto.pl\/t\/index.php?rest_route=\/wp\/v2\/types\/post"}],"author":[{"embeddable":true,"href":"http:\/\/wgphoto.pl\/t\/index.php?rest_route=\/wp\/v2\/users\/1"}],"replies":[{"embeddable":true,"href":"http:\/\/wgphoto.pl\/t\/index.php?rest_route=%2Fwp%2Fv2%2Fcomments&post=7882"}],"version-history":[{"count":1,"href":"http:\/\/wgphoto.pl\/t\/index.php?rest_route=\/wp\/v2\/posts\/7882\/revisions"}],"predecessor-version":[{"id":7884,"href":"http:\/\/wgphoto.pl\/t\/index.php?rest_route=\/wp\/v2\/posts\/7882\/revisions\/7884"}],"wp:featuredmedia":[{"embeddable":true,"href":"http:\/\/wgphoto.pl\/t\/index.php?rest_route=\/wp\/v2\/media\/7883"}],"wp:attachment":[{"href":"http:\/\/wgphoto.pl\/t\/index.php?rest_route=%2Fwp%2Fv2%2Fmedia&parent=7882"}],"wp:term":[{"taxonomy":"category","embeddable":true,"href":"http:\/\/wgphoto.pl\/t\/index.php?rest_route=%2Fwp%2Fv2%2Fcategories&post=7882"},{"taxonomy":"post_tag","embeddable":true,"href":"http:\/\/wgphoto.pl\/t\/index.php?rest_route=%2Fwp%2Fv2%2Ftags&post=7882"}],"curies":[{"name":"wp","href":"https:\/\/api.w.org\/{rel}","templated":true}]}}