{"id":7897,"date":"2024-12-15T13:30:56","date_gmt":"2024-12-15T12:30:56","guid":{"rendered":"https:\/\/wgphoto.pl\/t\/?p=7897"},"modified":"2024-12-15T13:30:56","modified_gmt":"2024-12-15T12:30:56","slug":"km-1145","status":"publish","type":"post","link":"http:\/\/wgphoto.pl\/t\/?p=7897","title":{"rendered":"Km 114,5"},"content":{"rendered":"\n<figure class=\"wp-block-image aligncenter size-full\"><img loading=\"lazy\" decoding=\"async\" width=\"1050\" height=\"700\" src=\"https:\/\/wgphoto.pl\/t\/wp-content\/uploads\/2024\/12\/IMGP4677.jpg\" alt=\"\" class=\"wp-image-7898\" srcset=\"http:\/\/wgphoto.pl\/t\/wp-content\/uploads\/2024\/12\/IMGP4677.jpg 1050w, http:\/\/wgphoto.pl\/t\/wp-content\/uploads\/2024\/12\/IMGP4677-300x200.jpg 300w, http:\/\/wgphoto.pl\/t\/wp-content\/uploads\/2024\/12\/IMGP4677-768x512.jpg 768w\" sizes=\"auto, (max-width: 1050px) 100vw, 1050px\" \/><\/figure>\n\n\n\n<div class=\"wp-block-group has-global-padding is-layout-constrained wp-block-group-is-layout-constrained\">\n<p>Nisko. Poci\u0105g z poprzedniego zdj\u0119cia z\u0142apany niespe\u0142na godzin\u0119, 24 kilometry i jedn\u0105 zmian\u0119 lokomotywy p\u00f3\u017aniej (na EP07-410), w kilometrze 114,5 linii kolejowej Lublin &#8211; Przeworsk. 20.07.2010<\/p>\n<\/div>\n","protected":false},"excerpt":{"rendered":"<p>Nisko. Poci\u0105g z poprzedniego zdj\u0119cia z\u0142apany niespe\u0142na godzin\u0119, 24 kilometry i jedn\u0105 zmian\u0119 lokomotywy p\u00f3\u017aniej (na EP07-410), w kilometrze 114,5 linii kolejowej Lublin &#8211; Przeworsk. 20.07.2010<\/p>\n","protected":false},"author":1,"featured_media":7898,"comment_status":"open","ping_status":"","sticky":false,"template":"","format":"standard","meta":{"footnotes":""},"categories":[2,86],"tags":[2655,124,2656,63,341,27,53,2657],"class_list":["post-7897","post","type-post","status-publish","format-standard","has-post-thumbnail","hentry","category-kolej","category-rok-2010","tag-2010-07-20","tag-ep07","tag-nisko","tag-pkp","tag-podkarpacie-2010","tag-polska","tag-sygnalizacja-ksztaltowa","tag-tab-pl116"],"_links":{"self":[{"href":"http:\/\/wgphoto.pl\/t\/index.php?rest_route=\/wp\/v2\/posts\/7897","targetHints":{"allow":["GET"]}}],"collection":[{"href":"http:\/\/wgphoto.pl\/t\/index.php?rest_route=\/wp\/v2\/posts"}],"about":[{"href":"http:\/\/wgphoto.pl\/t\/index.php?rest_route=\/wp\/v2\/types\/post"}],"author":[{"embeddable":true,"href":"http:\/\/wgphoto.pl\/t\/index.php?rest_route=\/wp\/v2\/users\/1"}],"replies":[{"embeddable":true,"href":"http:\/\/wgphoto.pl\/t\/index.php?rest_route=%2Fwp%2Fv2%2Fcomments&post=7897"}],"version-history":[{"count":1,"href":"http:\/\/wgphoto.pl\/t\/index.php?rest_route=\/wp\/v2\/posts\/7897\/revisions"}],"predecessor-version":[{"id":7899,"href":"http:\/\/wgphoto.pl\/t\/index.php?rest_route=\/wp\/v2\/posts\/7897\/revisions\/7899"}],"wp:featuredmedia":[{"embeddable":true,"href":"http:\/\/wgphoto.pl\/t\/index.php?rest_route=\/wp\/v2\/media\/7898"}],"wp:attachment":[{"href":"http:\/\/wgphoto.pl\/t\/index.php?rest_route=%2Fwp%2Fv2%2Fmedia&parent=7897"}],"wp:term":[{"taxonomy":"category","embeddable":true,"href":"http:\/\/wgphoto.pl\/t\/index.php?rest_route=%2Fwp%2Fv2%2Fcategories&post=7897"},{"taxonomy":"post_tag","embeddable":true,"href":"http:\/\/wgphoto.pl\/t\/index.php?rest_route=%2Fwp%2Fv2%2Ftags&post=7897"}],"curies":[{"name":"wp","href":"https:\/\/api.w.org\/{rel}","templated":true}]}}