{"id":7969,"date":"2024-12-15T16:20:46","date_gmt":"2024-12-15T15:20:46","guid":{"rendered":"https:\/\/wgphoto.pl\/t\/?p=7969"},"modified":"2024-12-15T16:20:46","modified_gmt":"2024-12-15T15:20:46","slug":"t3-nr-010037","status":"publish","type":"post","link":"http:\/\/wgphoto.pl\/t\/?p=7969","title":{"rendered":"T3 nr 010+037"},"content":{"rendered":"\n<figure class=\"wp-block-image aligncenter size-full\"><img loading=\"lazy\" decoding=\"async\" width=\"1050\" height=\"700\" src=\"https:\/\/wgphoto.pl\/t\/wp-content\/uploads\/2024\/12\/IMGP5395.jpg\" alt=\"\" class=\"wp-image-7970\" srcset=\"http:\/\/wgphoto.pl\/t\/wp-content\/uploads\/2024\/12\/IMGP5395.jpg 1050w, http:\/\/wgphoto.pl\/t\/wp-content\/uploads\/2024\/12\/IMGP5395-300x200.jpg 300w, http:\/\/wgphoto.pl\/t\/wp-content\/uploads\/2024\/12\/IMGP5395-768x512.jpg 768w\" sizes=\"auto, (max-width: 1050px) 100vw, 1050px\" \/><\/figure>\n\n\n\n<div class=\"wp-block-group has-global-padding is-layout-constrained wp-block-group-is-layout-constrained\">\n<p>Krzywy R\u00f3g, odcinek Prospekt Metalurhiw &#8211; Kilcewa. Tym razem ponad wodami Drugiego Stawiku przeje\u017cd\u017ca sk\u0142ad T3 010+037. 2010-08-04<\/p>\n<\/div>\n","protected":false},"excerpt":{"rendered":"<p>Krzywy R\u00f3g, odcinek Prospekt Metalurhiw &#8211; Kilcewa. Tym razem ponad wodami Drugiego Stawiku przeje\u017cd\u017ca sk\u0142ad T3 010+037. 2010-08-04<\/p>\n","protected":false},"author":1,"featured_media":7970,"comment_status":"open","ping_status":"","sticky":false,"template":"","format":"standard","meta":{"footnotes":""},"categories":[86,3],"tags":[2069,2070,1011,453],"class_list":["post-7969","post","type-post","status-publish","format-standard","has-post-thumbnail","hentry","category-rok-2010","category-tramwaj","tag-2010-08-04","tag-krzywy-rog","tag-tatra-t3","tag-ukraina"],"_links":{"self":[{"href":"http:\/\/wgphoto.pl\/t\/index.php?rest_route=\/wp\/v2\/posts\/7969","targetHints":{"allow":["GET"]}}],"collection":[{"href":"http:\/\/wgphoto.pl\/t\/index.php?rest_route=\/wp\/v2\/posts"}],"about":[{"href":"http:\/\/wgphoto.pl\/t\/index.php?rest_route=\/wp\/v2\/types\/post"}],"author":[{"embeddable":true,"href":"http:\/\/wgphoto.pl\/t\/index.php?rest_route=\/wp\/v2\/users\/1"}],"replies":[{"embeddable":true,"href":"http:\/\/wgphoto.pl\/t\/index.php?rest_route=%2Fwp%2Fv2%2Fcomments&post=7969"}],"version-history":[{"count":1,"href":"http:\/\/wgphoto.pl\/t\/index.php?rest_route=\/wp\/v2\/posts\/7969\/revisions"}],"predecessor-version":[{"id":7971,"href":"http:\/\/wgphoto.pl\/t\/index.php?rest_route=\/wp\/v2\/posts\/7969\/revisions\/7971"}],"wp:featuredmedia":[{"embeddable":true,"href":"http:\/\/wgphoto.pl\/t\/index.php?rest_route=\/wp\/v2\/media\/7970"}],"wp:attachment":[{"href":"http:\/\/wgphoto.pl\/t\/index.php?rest_route=%2Fwp%2Fv2%2Fmedia&parent=7969"}],"wp:term":[{"taxonomy":"category","embeddable":true,"href":"http:\/\/wgphoto.pl\/t\/index.php?rest_route=%2Fwp%2Fv2%2Fcategories&post=7969"},{"taxonomy":"post_tag","embeddable":true,"href":"http:\/\/wgphoto.pl\/t\/index.php?rest_route=%2Fwp%2Fv2%2Ftags&post=7969"}],"curies":[{"name":"wp","href":"https:\/\/api.w.org\/{rel}","templated":true}]}}