{"id":7990,"date":"2024-12-15T16:29:05","date_gmt":"2024-12-15T15:29:05","guid":{"rendered":"https:\/\/wgphoto.pl\/t\/?p=7990"},"modified":"2024-12-15T16:29:05","modified_gmt":"2024-12-15T15:29:05","slug":"pasiasta-bulwa","status":"publish","type":"post","link":"http:\/\/wgphoto.pl\/t\/?p=7990","title":{"rendered":"Pasiasta bulwa"},"content":{"rendered":"\n<figure class=\"wp-block-image aligncenter size-full\"><img loading=\"lazy\" decoding=\"async\" width=\"1050\" height=\"700\" src=\"https:\/\/wgphoto.pl\/t\/wp-content\/uploads\/2024\/12\/IMGP8569.jpg\" alt=\"\" class=\"wp-image-7991\" srcset=\"http:\/\/wgphoto.pl\/t\/wp-content\/uploads\/2024\/12\/IMGP8569.jpg 1050w, http:\/\/wgphoto.pl\/t\/wp-content\/uploads\/2024\/12\/IMGP8569-300x200.jpg 300w, http:\/\/wgphoto.pl\/t\/wp-content\/uploads\/2024\/12\/IMGP8569-768x512.jpg 768w\" sizes=\"auto, (max-width: 1050px) 100vw, 1050px\" \/><\/figure>\n\n\n\n<div class=\"wp-block-group has-global-padding is-layout-constrained wp-block-group-is-layout-constrained\">\n<p>Szczecin, ul. Adama Asnyka. Ostatnia wariacja Konstalu na temat stopi\u0105tki, zwana popularnie bulw\u0105, z doczep\u0105 wyprodukowan\u0105 na konstalowskiej licencji we wroc\u0142awskim Protramie, wspina si\u0119 pod dworzec Niebuszewo. To b\u0119dzie chyba jedno z wi\u0119kszych pochyle\u0144 pod\u0142u\u017cnych na polskich sieciach tramwajowych, ale co\u015b nie mog\u0119 znale\u017a\u0107 w sieci informacji na ten temat. 24.11.2014<\/p>\n<\/div>\n","protected":false},"excerpt":{"rendered":"<p>Szczecin, ul. Adama Asnyka. Ostatnia wariacja Konstalu na temat stopi\u0105tki, zwana popularnie bulw\u0105, z doczep\u0105 wyprodukowan\u0105 na konstalowskiej licencji we wroc\u0142awskim Protramie, wspina si\u0119 pod dworzec Niebuszewo. To b\u0119dzie chyba jedno z wi\u0119kszych pochyle\u0144 pod\u0142u\u017cnych na polskich sieciach tramwajowych, ale co\u015b nie mog\u0119 znale\u017a\u0107 w sieci informacji na ten temat. 24.11.2014<\/p>\n","protected":false},"author":1,"featured_media":7991,"comment_status":"open","ping_status":"","sticky":false,"template":"","format":"standard","meta":{"footnotes":""},"categories":[48,3],"tags":[2666,2665,13,118,27,301,302],"class_list":["post-7990","post","type-post","status-publish","format-standard","has-post-thumbnail","hentry","category-rok-2014","category-tramwaj","tag-105n2k","tag-2014-11-24","tag-deszcz","tag-plany-i-profile","tag-polska","tag-szczecin","tag-tramwaje-szczecinskie"],"_links":{"self":[{"href":"http:\/\/wgphoto.pl\/t\/index.php?rest_route=\/wp\/v2\/posts\/7990","targetHints":{"allow":["GET"]}}],"collection":[{"href":"http:\/\/wgphoto.pl\/t\/index.php?rest_route=\/wp\/v2\/posts"}],"about":[{"href":"http:\/\/wgphoto.pl\/t\/index.php?rest_route=\/wp\/v2\/types\/post"}],"author":[{"embeddable":true,"href":"http:\/\/wgphoto.pl\/t\/index.php?rest_route=\/wp\/v2\/users\/1"}],"replies":[{"embeddable":true,"href":"http:\/\/wgphoto.pl\/t\/index.php?rest_route=%2Fwp%2Fv2%2Fcomments&post=7990"}],"version-history":[{"count":1,"href":"http:\/\/wgphoto.pl\/t\/index.php?rest_route=\/wp\/v2\/posts\/7990\/revisions"}],"predecessor-version":[{"id":7992,"href":"http:\/\/wgphoto.pl\/t\/index.php?rest_route=\/wp\/v2\/posts\/7990\/revisions\/7992"}],"wp:featuredmedia":[{"embeddable":true,"href":"http:\/\/wgphoto.pl\/t\/index.php?rest_route=\/wp\/v2\/media\/7991"}],"wp:attachment":[{"href":"http:\/\/wgphoto.pl\/t\/index.php?rest_route=%2Fwp%2Fv2%2Fmedia&parent=7990"}],"wp:term":[{"taxonomy":"category","embeddable":true,"href":"http:\/\/wgphoto.pl\/t\/index.php?rest_route=%2Fwp%2Fv2%2Fcategories&post=7990"},{"taxonomy":"post_tag","embeddable":true,"href":"http:\/\/wgphoto.pl\/t\/index.php?rest_route=%2Fwp%2Fv2%2Ftags&post=7990"}],"curies":[{"name":"wp","href":"https:\/\/api.w.org\/{rel}","templated":true}]}}