{"id":7993,"date":"2024-12-15T16:30:03","date_gmt":"2024-12-15T15:30:03","guid":{"rendered":"https:\/\/wgphoto.pl\/t\/?p=7993"},"modified":"2024-12-15T16:30:03","modified_gmt":"2024-12-15T15:30:03","slug":"prawie-jak-nad-morzem","status":"publish","type":"post","link":"http:\/\/wgphoto.pl\/t\/?p=7993","title":{"rendered":"Prawie jak nad morzem"},"content":{"rendered":"\n<figure class=\"wp-block-image aligncenter size-full\"><img loading=\"lazy\" decoding=\"async\" width=\"1050\" height=\"700\" src=\"https:\/\/wgphoto.pl\/t\/wp-content\/uploads\/2024\/12\/IMGP8602.jpg\" alt=\"\" class=\"wp-image-7994\" srcset=\"http:\/\/wgphoto.pl\/t\/wp-content\/uploads\/2024\/12\/IMGP8602.jpg 1050w, http:\/\/wgphoto.pl\/t\/wp-content\/uploads\/2024\/12\/IMGP8602-300x200.jpg 300w, http:\/\/wgphoto.pl\/t\/wp-content\/uploads\/2024\/12\/IMGP8602-768x512.jpg 768w\" sizes=\"auto, (max-width: 1050px) 100vw, 1050px\" \/><\/figure>\n\n\n\n<div class=\"wp-block-group has-global-padding is-layout-constrained wp-block-group-is-layout-constrained\">\n<p>Szczecin, ul. Jana z Kolna. Zestaw ex-berlinskich tatr T6A2D pomyka wzd\u0142u\u017c odrza\u0144skiego wybrze\u017ca. To mi\u0119dzy innymi dzi\u0119ki takim widokom Szczecin przypada mi do gustu. A zmierzch na zdj\u0119ciu nie mia\u0142 w zamy\u015ble stanowi\u0107 \u015brodka wyrazu &#8211; po prostu dzie\u0144 mi si\u0119 sko\u0144czy\u0142 zbyt szybko. 24.11.2014<\/p>\n<\/div>\n","protected":false},"excerpt":{"rendered":"<p>Szczecin, ul. Jana z Kolna. Zestaw ex-berlinskich tatr T6A2D pomyka wzd\u0142u\u017c odrza\u0144skiego wybrze\u017ca. To mi\u0119dzy innymi dzi\u0119ki takim widokom Szczecin przypada mi do gustu. A zmierzch na zdj\u0119ciu nie mia\u0142 w zamy\u015ble stanowi\u0107 \u015brodka wyrazu &#8211; po prostu dzie\u0144 mi si\u0119 sko\u0144czy\u0142 zbyt szybko. 24.11.2014<\/p>\n","protected":false},"author":1,"featured_media":7994,"comment_status":"open","ping_status":"","sticky":false,"template":"","format":"standard","meta":{"footnotes":""},"categories":[48,3],"tags":[2665,91,27,73,301,841,302,90],"class_list":["post-7993","post","type-post","status-publish","format-standard","has-post-thumbnail","hentry","category-rok-2014","category-tramwaj","tag-2014-11-24","tag-blue-hour","tag-polska","tag-rzeka","tag-szczecin","tag-tatra-t6","tag-tramwaje-szczecinskie","tag-wieczorem"],"_links":{"self":[{"href":"http:\/\/wgphoto.pl\/t\/index.php?rest_route=\/wp\/v2\/posts\/7993","targetHints":{"allow":["GET"]}}],"collection":[{"href":"http:\/\/wgphoto.pl\/t\/index.php?rest_route=\/wp\/v2\/posts"}],"about":[{"href":"http:\/\/wgphoto.pl\/t\/index.php?rest_route=\/wp\/v2\/types\/post"}],"author":[{"embeddable":true,"href":"http:\/\/wgphoto.pl\/t\/index.php?rest_route=\/wp\/v2\/users\/1"}],"replies":[{"embeddable":true,"href":"http:\/\/wgphoto.pl\/t\/index.php?rest_route=%2Fwp%2Fv2%2Fcomments&post=7993"}],"version-history":[{"count":1,"href":"http:\/\/wgphoto.pl\/t\/index.php?rest_route=\/wp\/v2\/posts\/7993\/revisions"}],"predecessor-version":[{"id":7995,"href":"http:\/\/wgphoto.pl\/t\/index.php?rest_route=\/wp\/v2\/posts\/7993\/revisions\/7995"}],"wp:featuredmedia":[{"embeddable":true,"href":"http:\/\/wgphoto.pl\/t\/index.php?rest_route=\/wp\/v2\/media\/7994"}],"wp:attachment":[{"href":"http:\/\/wgphoto.pl\/t\/index.php?rest_route=%2Fwp%2Fv2%2Fmedia&parent=7993"}],"wp:term":[{"taxonomy":"category","embeddable":true,"href":"http:\/\/wgphoto.pl\/t\/index.php?rest_route=%2Fwp%2Fv2%2Fcategories&post=7993"},{"taxonomy":"post_tag","embeddable":true,"href":"http:\/\/wgphoto.pl\/t\/index.php?rest_route=%2Fwp%2Fv2%2Ftags&post=7993"}],"curies":[{"name":"wp","href":"https:\/\/api.w.org\/{rel}","templated":true}]}}