{"id":7996,"date":"2024-12-15T16:30:59","date_gmt":"2024-12-15T15:30:59","guid":{"rendered":"https:\/\/wgphoto.pl\/t\/?p=7996"},"modified":"2024-12-15T16:30:59","modified_gmt":"2024-12-15T15:30:59","slug":"ladoga","status":"publish","type":"post","link":"http:\/\/wgphoto.pl\/t\/?p=7996","title":{"rendered":"\u0141adoga"},"content":{"rendered":"\n<figure class=\"wp-block-image aligncenter size-full\"><img loading=\"lazy\" decoding=\"async\" width=\"1050\" height=\"700\" src=\"https:\/\/wgphoto.pl\/t\/wp-content\/uploads\/2024\/12\/IMGP8598.jpg\" alt=\"\" class=\"wp-image-7997\" srcset=\"http:\/\/wgphoto.pl\/t\/wp-content\/uploads\/2024\/12\/IMGP8598.jpg 1050w, http:\/\/wgphoto.pl\/t\/wp-content\/uploads\/2024\/12\/IMGP8598-300x200.jpg 300w, http:\/\/wgphoto.pl\/t\/wp-content\/uploads\/2024\/12\/IMGP8598-768x512.jpg 768w\" sizes=\"auto, (max-width: 1050px) 100vw, 1050px\" \/><\/figure>\n\n\n\n<div class=\"wp-block-group has-global-padding is-layout-constrained wp-block-group-is-layout-constrained\">\n<p>Szczecin, ul. Jana z Kol(a)na. \u017b\u00f3\u0142te tatry mijaj\u0105 statek-restauracj\u0119. Tu te\u017c ju\u017c by\u0142o ciemno &#8211; iso tylko 1600. 24.11.2014<\/p>\n<\/div>\n","protected":false},"excerpt":{"rendered":"<p>Szczecin, ul. Jana z Kol(a)na. \u017b\u00f3\u0142te tatry mijaj\u0105 statek-restauracj\u0119. Tu te\u017c ju\u017c by\u0142o ciemno &#8211; iso tylko 1600. 24.11.2014<\/p>\n","protected":false},"author":1,"featured_media":7997,"comment_status":"open","ping_status":"","sticky":false,"template":"","format":"standard","meta":{"footnotes":""},"categories":[48,3],"tags":[2665,27,73,301,841,302],"class_list":["post-7996","post","type-post","status-publish","format-standard","has-post-thumbnail","hentry","category-rok-2014","category-tramwaj","tag-2014-11-24","tag-polska","tag-rzeka","tag-szczecin","tag-tatra-t6","tag-tramwaje-szczecinskie"],"_links":{"self":[{"href":"http:\/\/wgphoto.pl\/t\/index.php?rest_route=\/wp\/v2\/posts\/7996","targetHints":{"allow":["GET"]}}],"collection":[{"href":"http:\/\/wgphoto.pl\/t\/index.php?rest_route=\/wp\/v2\/posts"}],"about":[{"href":"http:\/\/wgphoto.pl\/t\/index.php?rest_route=\/wp\/v2\/types\/post"}],"author":[{"embeddable":true,"href":"http:\/\/wgphoto.pl\/t\/index.php?rest_route=\/wp\/v2\/users\/1"}],"replies":[{"embeddable":true,"href":"http:\/\/wgphoto.pl\/t\/index.php?rest_route=%2Fwp%2Fv2%2Fcomments&post=7996"}],"version-history":[{"count":1,"href":"http:\/\/wgphoto.pl\/t\/index.php?rest_route=\/wp\/v2\/posts\/7996\/revisions"}],"predecessor-version":[{"id":7998,"href":"http:\/\/wgphoto.pl\/t\/index.php?rest_route=\/wp\/v2\/posts\/7996\/revisions\/7998"}],"wp:featuredmedia":[{"embeddable":true,"href":"http:\/\/wgphoto.pl\/t\/index.php?rest_route=\/wp\/v2\/media\/7997"}],"wp:attachment":[{"href":"http:\/\/wgphoto.pl\/t\/index.php?rest_route=%2Fwp%2Fv2%2Fmedia&parent=7996"}],"wp:term":[{"taxonomy":"category","embeddable":true,"href":"http:\/\/wgphoto.pl\/t\/index.php?rest_route=%2Fwp%2Fv2%2Fcategories&post=7996"},{"taxonomy":"post_tag","embeddable":true,"href":"http:\/\/wgphoto.pl\/t\/index.php?rest_route=%2Fwp%2Fv2%2Ftags&post=7996"}],"curies":[{"name":"wp","href":"https:\/\/api.w.org\/{rel}","templated":true}]}}