{"id":8014,"date":"2024-12-15T16:38:26","date_gmt":"2024-12-15T15:38:26","guid":{"rendered":"https:\/\/wgphoto.pl\/t\/?p=8014"},"modified":"2024-12-15T16:38:26","modified_gmt":"2024-12-15T15:38:26","slug":"farciarz","status":"publish","type":"post","link":"http:\/\/wgphoto.pl\/t\/?p=8014","title":{"rendered":"Farciarz"},"content":{"rendered":"\n<figure class=\"wp-block-image aligncenter size-full\"><img loading=\"lazy\" decoding=\"async\" width=\"1200\" height=\"795\" src=\"https:\/\/wgphoto.pl\/t\/wp-content\/uploads\/2024\/12\/IMGP9776.jpg\" alt=\"\" class=\"wp-image-8015\" srcset=\"http:\/\/wgphoto.pl\/t\/wp-content\/uploads\/2024\/12\/IMGP9776.jpg 1200w, http:\/\/wgphoto.pl\/t\/wp-content\/uploads\/2024\/12\/IMGP9776-300x199.jpg 300w, http:\/\/wgphoto.pl\/t\/wp-content\/uploads\/2024\/12\/IMGP9776-768x509.jpg 768w\" sizes=\"auto, (max-width: 1200px) 100vw, 1200px\" \/><\/figure>\n\n\n\n<div class=\"wp-block-group has-global-padding is-layout-constrained wp-block-group-is-layout-constrained\">\n<p>Gda\u0144sk G\u0142\u00f3wny. Szukaj\u0105c dobrego kadru z wie\u017c\u0105 budynku dworcowego stwierdzi\u0142em, \u017ce optymalnie by by\u0142o zafoci\u0107 poci\u0105g na torze 13 przy peronie 5 i najlepiej by pasowa\u0142 czterocz\u0142on (na podstawie por\u00f3wnania d\u0142ugo\u015bci do tego, co sta\u0142o na torze obok). Po czym na tor 13 wjecha\u0142 EN71.<br>\u015alepo zako\u0144czone podmiejskie perony nr 4 i 5 wkr\u00f3tce strac\u0105 na znaczeniu w wyniku wyd\u0142u\u017cenia linii SKM do Gda\u0144ska \u015ar\u00f3dmie\u015bcia. 2015-02-10<\/p>\n<\/div>\n","protected":false},"excerpt":{"rendered":"<p>Gda\u0144sk G\u0142\u00f3wny. Szukaj\u0105c dobrego kadru z wie\u017c\u0105 budynku dworcowego stwierdzi\u0142em, \u017ce optymalnie by by\u0142o zafoci\u0107 poci\u0105g na torze 13 przy peronie 5 i najlepiej by pasowa\u0142 czterocz\u0142on (na podstawie por\u00f3wnania d\u0142ugo\u015bci do tego, co sta\u0142o na torze obok). Po czym na tor 13 wjecha\u0142 EN71.\u015alepo zako\u0144czone podmiejskie perony nr 4 i 5 wkr\u00f3tce strac\u0105 na [&hellip;]<\/p>\n","protected":false},"author":1,"featured_media":8015,"comment_status":"open","ping_status":"","sticky":false,"template":"","format":"standard","meta":{"footnotes":""},"categories":[2,104],"tags":[2668,728,907,908,173,154,24,27,608,611],"class_list":["post-8014","post","type-post","status-publish","format-standard","has-post-thumbnail","hentry","category-kolej","category-rok-2015","tag-2015-02-10","tag-en71","tag-gdansk","tag-gdansk-glowny","tag-koncowki","tag-noc","tag-perony","tag-polska","tag-skm-trojmiasto","tag-tab-pl452"],"_links":{"self":[{"href":"http:\/\/wgphoto.pl\/t\/index.php?rest_route=\/wp\/v2\/posts\/8014","targetHints":{"allow":["GET"]}}],"collection":[{"href":"http:\/\/wgphoto.pl\/t\/index.php?rest_route=\/wp\/v2\/posts"}],"about":[{"href":"http:\/\/wgphoto.pl\/t\/index.php?rest_route=\/wp\/v2\/types\/post"}],"author":[{"embeddable":true,"href":"http:\/\/wgphoto.pl\/t\/index.php?rest_route=\/wp\/v2\/users\/1"}],"replies":[{"embeddable":true,"href":"http:\/\/wgphoto.pl\/t\/index.php?rest_route=%2Fwp%2Fv2%2Fcomments&post=8014"}],"version-history":[{"count":1,"href":"http:\/\/wgphoto.pl\/t\/index.php?rest_route=\/wp\/v2\/posts\/8014\/revisions"}],"predecessor-version":[{"id":8016,"href":"http:\/\/wgphoto.pl\/t\/index.php?rest_route=\/wp\/v2\/posts\/8014\/revisions\/8016"}],"wp:featuredmedia":[{"embeddable":true,"href":"http:\/\/wgphoto.pl\/t\/index.php?rest_route=\/wp\/v2\/media\/8015"}],"wp:attachment":[{"href":"http:\/\/wgphoto.pl\/t\/index.php?rest_route=%2Fwp%2Fv2%2Fmedia&parent=8014"}],"wp:term":[{"taxonomy":"category","embeddable":true,"href":"http:\/\/wgphoto.pl\/t\/index.php?rest_route=%2Fwp%2Fv2%2Fcategories&post=8014"},{"taxonomy":"post_tag","embeddable":true,"href":"http:\/\/wgphoto.pl\/t\/index.php?rest_route=%2Fwp%2Fv2%2Ftags&post=8014"}],"curies":[{"name":"wp","href":"https:\/\/api.w.org\/{rel}","templated":true}]}}