{"id":8026,"date":"2024-12-15T17:30:57","date_gmt":"2024-12-15T16:30:57","guid":{"rendered":"https:\/\/wgphoto.pl\/t\/?p=8026"},"modified":"2024-12-15T17:30:57","modified_gmt":"2024-12-15T16:30:57","slug":"przesiadka","status":"publish","type":"post","link":"http:\/\/wgphoto.pl\/t\/?p=8026","title":{"rendered":"Przesiadka"},"content":{"rendered":"\n<figure class=\"wp-block-image aligncenter size-full\"><img loading=\"lazy\" decoding=\"async\" width=\"1200\" height=\"900\" src=\"https:\/\/wgphoto.pl\/t\/wp-content\/uploads\/2024\/12\/DSCF6558.jpg\" alt=\"\" class=\"wp-image-8027\" srcset=\"http:\/\/wgphoto.pl\/t\/wp-content\/uploads\/2024\/12\/DSCF6558.jpg 1200w, http:\/\/wgphoto.pl\/t\/wp-content\/uploads\/2024\/12\/DSCF6558-300x225.jpg 300w, http:\/\/wgphoto.pl\/t\/wp-content\/uploads\/2024\/12\/DSCF6558-768x576.jpg 768w\" sizes=\"auto, (max-width: 1200px) 100vw, 1200px\" \/><\/figure>\n\n\n\n<div class=\"wp-block-group has-global-padding is-layout-constrained wp-block-group-is-layout-constrained\">\n<p>Wroc\u0142aw, ul. Kosmonaut\u00f3w, przystanek Glinianki. Wahad\u0142owy sk\u0142ad 105Na 2539+2540 sko\u0144czy\u0142 kurs z Le\u015bnicy i zaraz tam wr\u00f3ci, zabrawszy na pok\u0142ad grup\u0119 pasa\u017cer\u00f3w, kt\u00f3ra w\u0142a\u015bnie wysiad\u0142a z autobusu &#8222;za tramwaj&#8221;. 01.04.2008<\/p>\n<\/div>\n","protected":false},"excerpt":{"rendered":"<p>Wroc\u0142aw, ul. Kosmonaut\u00f3w, przystanek Glinianki. Wahad\u0142owy sk\u0142ad 105Na 2539+2540 sko\u0144czy\u0142 kurs z Le\u015bnicy i zaraz tam wr\u00f3ci, zabrawszy na pok\u0142ad grup\u0119 pasa\u017cer\u00f3w, kt\u00f3ra w\u0142a\u015bnie wysiad\u0142a z autobusu &#8222;za tramwaj&#8221;. 01.04.2008<\/p>\n","protected":false},"author":1,"featured_media":8027,"comment_status":"open","ping_status":"","sticky":false,"template":"","format":"standard","meta":{"footnotes":""},"categories":[120,3],"tags":[155,2670,151,42,27,1990,41],"class_list":["post-8026","post","type-post","status-publish","format-standard","has-post-thumbnail","hentry","category-rok-2008","category-tramwaj","tag-105na","tag-2008-04-01","tag-ludzie","tag-mpk-wroclaw","tag-polska","tag-ruch-wahadlowy","tag-wroclaw"],"_links":{"self":[{"href":"http:\/\/wgphoto.pl\/t\/index.php?rest_route=\/wp\/v2\/posts\/8026","targetHints":{"allow":["GET"]}}],"collection":[{"href":"http:\/\/wgphoto.pl\/t\/index.php?rest_route=\/wp\/v2\/posts"}],"about":[{"href":"http:\/\/wgphoto.pl\/t\/index.php?rest_route=\/wp\/v2\/types\/post"}],"author":[{"embeddable":true,"href":"http:\/\/wgphoto.pl\/t\/index.php?rest_route=\/wp\/v2\/users\/1"}],"replies":[{"embeddable":true,"href":"http:\/\/wgphoto.pl\/t\/index.php?rest_route=%2Fwp%2Fv2%2Fcomments&post=8026"}],"version-history":[{"count":1,"href":"http:\/\/wgphoto.pl\/t\/index.php?rest_route=\/wp\/v2\/posts\/8026\/revisions"}],"predecessor-version":[{"id":8028,"href":"http:\/\/wgphoto.pl\/t\/index.php?rest_route=\/wp\/v2\/posts\/8026\/revisions\/8028"}],"wp:featuredmedia":[{"embeddable":true,"href":"http:\/\/wgphoto.pl\/t\/index.php?rest_route=\/wp\/v2\/media\/8027"}],"wp:attachment":[{"href":"http:\/\/wgphoto.pl\/t\/index.php?rest_route=%2Fwp%2Fv2%2Fmedia&parent=8026"}],"wp:term":[{"taxonomy":"category","embeddable":true,"href":"http:\/\/wgphoto.pl\/t\/index.php?rest_route=%2Fwp%2Fv2%2Fcategories&post=8026"},{"taxonomy":"post_tag","embeddable":true,"href":"http:\/\/wgphoto.pl\/t\/index.php?rest_route=%2Fwp%2Fv2%2Ftags&post=8026"}],"curies":[{"name":"wp","href":"https:\/\/api.w.org\/{rel}","templated":true}]}}