{"id":8029,"date":"2024-12-15T17:32:56","date_gmt":"2024-12-15T16:32:56","guid":{"rendered":"https:\/\/wgphoto.pl\/t\/?p=8029"},"modified":"2024-12-15T17:32:56","modified_gmt":"2024-12-15T16:32:56","slug":"dobre-ranko","status":"publish","type":"post","link":"http:\/\/wgphoto.pl\/t\/?p=8029","title":{"rendered":"Dobr\u00e9 r\u00e1nko"},"content":{"rendered":"\n<figure class=\"wp-block-image aligncenter size-full\"><img loading=\"lazy\" decoding=\"async\" width=\"1300\" height=\"861\" src=\"https:\/\/wgphoto.pl\/t\/wp-content\/uploads\/2024\/12\/IMGP9301.jpg\" alt=\"\" class=\"wp-image-8030\" srcset=\"http:\/\/wgphoto.pl\/t\/wp-content\/uploads\/2024\/12\/IMGP9301.jpg 1300w, http:\/\/wgphoto.pl\/t\/wp-content\/uploads\/2024\/12\/IMGP9301-300x199.jpg 300w, http:\/\/wgphoto.pl\/t\/wp-content\/uploads\/2024\/12\/IMGP9301-768x509.jpg 768w\" sizes=\"auto, (max-width: 1300px) 100vw, 1300px\" \/><\/figure>\n\n\n\n<div class=\"wp-block-group has-global-padding is-layout-constrained wp-block-group-is-layout-constrained\">\n<p>Laminatka (tego dnia 240.054-7) z poci\u0105giem Ex 530 &#8222;Hron&#8221; do Bratislavy hl.st. nie trafia\u0142a si\u0119 zapewne planowo, w ko\u0144cu to poci\u0105g najwy\u017cszej kategorii na tej trasie. Jednak z powodu zamkni\u0119cia torowego gdzie\u015b za Zwoleniem ten sk\u0142ad daleko nie jecha\u0142 i na tym odcinku nie potrzebowa\u0142 szybszej lokomotywy. 12.08.2020<\/p>\n<\/div>\n","protected":false},"excerpt":{"rendered":"<p>Laminatka (tego dnia 240.054-7) z poci\u0105giem Ex 530 &#8222;Hron&#8221; do Bratislavy hl.st. nie trafia\u0142a si\u0119 zapewne planowo, w ko\u0144cu to poci\u0105g najwy\u017cszej kategorii na tej trasie. Jednak z powodu zamkni\u0119cia torowego gdzie\u015b za Zwoleniem ten sk\u0142ad daleko nie jecha\u0142 i na tym odcinku nie potrzebowa\u0142 szybszej lokomotywy. 12.08.2020<\/p>\n","protected":false},"author":1,"featured_media":8030,"comment_status":"open","ping_status":"","sticky":false,"template":"","format":"standard","meta":{"footnotes":""},"categories":[2,676],"tags":[1912,1913,335,2144,162,176,678,675,469],"class_list":["post-8029","post","type-post","status-publish","format-standard","has-post-thumbnail","hentry","category-kolej","category-rok-2020","tag-2020-08-12","tag-1913","tag-335","tag-banska-bystrica","tag-niebo","tag-rano","tag-slovensko-uhersko-2020","tag-slowacja","tag-zssk"],"_links":{"self":[{"href":"http:\/\/wgphoto.pl\/t\/index.php?rest_route=\/wp\/v2\/posts\/8029","targetHints":{"allow":["GET"]}}],"collection":[{"href":"http:\/\/wgphoto.pl\/t\/index.php?rest_route=\/wp\/v2\/posts"}],"about":[{"href":"http:\/\/wgphoto.pl\/t\/index.php?rest_route=\/wp\/v2\/types\/post"}],"author":[{"embeddable":true,"href":"http:\/\/wgphoto.pl\/t\/index.php?rest_route=\/wp\/v2\/users\/1"}],"replies":[{"embeddable":true,"href":"http:\/\/wgphoto.pl\/t\/index.php?rest_route=%2Fwp%2Fv2%2Fcomments&post=8029"}],"version-history":[{"count":1,"href":"http:\/\/wgphoto.pl\/t\/index.php?rest_route=\/wp\/v2\/posts\/8029\/revisions"}],"predecessor-version":[{"id":8031,"href":"http:\/\/wgphoto.pl\/t\/index.php?rest_route=\/wp\/v2\/posts\/8029\/revisions\/8031"}],"wp:featuredmedia":[{"embeddable":true,"href":"http:\/\/wgphoto.pl\/t\/index.php?rest_route=\/wp\/v2\/media\/8030"}],"wp:attachment":[{"href":"http:\/\/wgphoto.pl\/t\/index.php?rest_route=%2Fwp%2Fv2%2Fmedia&parent=8029"}],"wp:term":[{"taxonomy":"category","embeddable":true,"href":"http:\/\/wgphoto.pl\/t\/index.php?rest_route=%2Fwp%2Fv2%2Fcategories&post=8029"},{"taxonomy":"post_tag","embeddable":true,"href":"http:\/\/wgphoto.pl\/t\/index.php?rest_route=%2Fwp%2Fv2%2Ftags&post=8029"}],"curies":[{"name":"wp","href":"https:\/\/api.w.org\/{rel}","templated":true}]}}