{"id":8053,"date":"2024-12-15T20:41:16","date_gmt":"2024-12-15T19:41:16","guid":{"rendered":"https:\/\/wgphoto.pl\/t\/?p=8053"},"modified":"2024-12-15T20:41:16","modified_gmt":"2024-12-15T19:41:16","slug":"nocne-czekanie","status":"publish","type":"post","link":"http:\/\/wgphoto.pl\/t\/?p=8053","title":{"rendered":"Nocne czekanie"},"content":{"rendered":"\n<figure class=\"wp-block-image aligncenter size-full\"><img loading=\"lazy\" decoding=\"async\" width=\"1300\" height=\"870\" src=\"https:\/\/wgphoto.pl\/t\/wp-content\/uploads\/2024\/12\/IMGP1975.jpg\" alt=\"\" class=\"wp-image-8054\" srcset=\"http:\/\/wgphoto.pl\/t\/wp-content\/uploads\/2024\/12\/IMGP1975.jpg 1300w, http:\/\/wgphoto.pl\/t\/wp-content\/uploads\/2024\/12\/IMGP1975-300x201.jpg 300w, http:\/\/wgphoto.pl\/t\/wp-content\/uploads\/2024\/12\/IMGP1975-768x514.jpg 768w\" sizes=\"auto, (max-width: 1300px) 100vw, 1300px\" \/><\/figure>\n\n\n\n<div class=\"wp-block-group has-global-padding is-layout-constrained wp-block-group-is-layout-constrained\">\n<p>Praga, ul. Sp\u00e1len\u00e1. Tatry T6A2 8612 i 8656 w czasie kilkuminutowego postoju na w\u0119\u017ale przesiadkowym nocnych tramwaj\u00f3w. 09.07.2011<\/p>\n<\/div>\n","protected":false},"excerpt":{"rendered":"<p>Praga, ul. Sp\u00e1len\u00e1. Tatry T6A2 8612 i 8656 w czasie kilkuminutowego postoju na w\u0119\u017ale przesiadkowym nocnych tramwaj\u00f3w. 09.07.2011<\/p>\n","protected":false},"author":1,"featured_media":8054,"comment_status":"open","ping_status":"","sticky":false,"template":"","format":"standard","meta":{"footnotes":""},"categories":[77,3],"tags":[1048,49,1049,154,52,841],"class_list":["post-8053","post","type-post","status-publish","format-standard","has-post-thumbnail","hentry","category-rok-2011","category-tramwaj","tag-2011-07-09","tag-czechy","tag-dp-praha","tag-noc","tag-praga","tag-tatra-t6"],"_links":{"self":[{"href":"http:\/\/wgphoto.pl\/t\/index.php?rest_route=\/wp\/v2\/posts\/8053","targetHints":{"allow":["GET"]}}],"collection":[{"href":"http:\/\/wgphoto.pl\/t\/index.php?rest_route=\/wp\/v2\/posts"}],"about":[{"href":"http:\/\/wgphoto.pl\/t\/index.php?rest_route=\/wp\/v2\/types\/post"}],"author":[{"embeddable":true,"href":"http:\/\/wgphoto.pl\/t\/index.php?rest_route=\/wp\/v2\/users\/1"}],"replies":[{"embeddable":true,"href":"http:\/\/wgphoto.pl\/t\/index.php?rest_route=%2Fwp%2Fv2%2Fcomments&post=8053"}],"version-history":[{"count":1,"href":"http:\/\/wgphoto.pl\/t\/index.php?rest_route=\/wp\/v2\/posts\/8053\/revisions"}],"predecessor-version":[{"id":8055,"href":"http:\/\/wgphoto.pl\/t\/index.php?rest_route=\/wp\/v2\/posts\/8053\/revisions\/8055"}],"wp:featuredmedia":[{"embeddable":true,"href":"http:\/\/wgphoto.pl\/t\/index.php?rest_route=\/wp\/v2\/media\/8054"}],"wp:attachment":[{"href":"http:\/\/wgphoto.pl\/t\/index.php?rest_route=%2Fwp%2Fv2%2Fmedia&parent=8053"}],"wp:term":[{"taxonomy":"category","embeddable":true,"href":"http:\/\/wgphoto.pl\/t\/index.php?rest_route=%2Fwp%2Fv2%2Fcategories&post=8053"},{"taxonomy":"post_tag","embeddable":true,"href":"http:\/\/wgphoto.pl\/t\/index.php?rest_route=%2Fwp%2Fv2%2Ftags&post=8053"}],"curies":[{"name":"wp","href":"https:\/\/api.w.org\/{rel}","templated":true}]}}