{"id":8082,"date":"2024-12-15T20:50:56","date_gmt":"2024-12-15T19:50:56","guid":{"rendered":"https:\/\/wgphoto.pl\/t\/?p=8082"},"modified":"2026-03-01T21:06:28","modified_gmt":"2026-03-01T20:06:28","slug":"karniow","status":"publish","type":"post","link":"http:\/\/wgphoto.pl\/t\/?p=8082","title":{"rendered":"Karni\u00f3w"},"content":{"rendered":"\n<figure class=\"wp-block-image aligncenter size-full\"><img loading=\"lazy\" decoding=\"async\" width=\"1300\" height=\"870\" src=\"https:\/\/wgphoto.pl\/t\/wp-content\/uploads\/2024\/12\/IMGP0296-1.jpg\" alt=\"\" class=\"wp-image-8084\" srcset=\"http:\/\/wgphoto.pl\/t\/wp-content\/uploads\/2024\/12\/IMGP0296-1.jpg 1300w, http:\/\/wgphoto.pl\/t\/wp-content\/uploads\/2024\/12\/IMGP0296-1-300x201.jpg 300w, http:\/\/wgphoto.pl\/t\/wp-content\/uploads\/2024\/12\/IMGP0296-1-768x514.jpg 768w\" sizes=\"auto, (max-width: 1300px) 100vw, 1300px\" \/><\/figure>\n\n\n\n<div class=\"wp-block-group has-global-padding is-layout-constrained wp-block-group-is-layout-constrained\">\n<p>Wieczorne skomunikowanie na stacji Krnov. Zjecha\u0142y si\u0119 tu poci\u0105gi pospieszne z O\u0142omu\u0144ca, z Jesen\u00edka do Ostravy-Svinov oraz z Ostravy-st\u0159ed do Jesen\u00edka. Dwa ostatnie zmienia\u0142y tu kierunek jazdy, dlatego ka\u017cdy sk\u0142ad \u015bwieci ju\u017c ko\u0144c\u00f3wkami. 19.10.2012<\/p>\n<\/div>\n","protected":false},"excerpt":{"rendered":"<p>Wieczorne skomunikowanie na stacji Krnov. Zjecha\u0142y si\u0119 tu poci\u0105gi pospieszne z O\u0142omu\u0144ca, z Jesen\u00edka do Ostravy-Svinov oraz z Ostravy-st\u0159ed do Jesen\u00edka. Dwa ostatnie zmienia\u0142y tu kierunek jazdy, dlatego ka\u017cdy sk\u0142ad \u015bwieci ju\u017c ko\u0144c\u00f3wkami. 19.10.2012<\/p>\n","protected":false},"author":1,"featured_media":8084,"comment_status":"open","ping_status":"","sticky":false,"template":"","format":"standard","meta":{"footnotes":""},"categories":[2,46],"tags":[1142,2211,1868,50,49,173,2212,154,1141,265,1869],"class_list":["post-8082","post","type-post","status-publish","format-standard","has-post-thumbnail","hentry","category-kolej","category-rok-2012","tag-2012-10-19","tag-2211","tag-1868","tag-cd","tag-czechy","tag-koncowki","tag-krnov","tag-noc","tag-tab-cz310","tag-wagon","tag-wagon-sterowniczy"],"_links":{"self":[{"href":"http:\/\/wgphoto.pl\/t\/index.php?rest_route=\/wp\/v2\/posts\/8082","targetHints":{"allow":["GET"]}}],"collection":[{"href":"http:\/\/wgphoto.pl\/t\/index.php?rest_route=\/wp\/v2\/posts"}],"about":[{"href":"http:\/\/wgphoto.pl\/t\/index.php?rest_route=\/wp\/v2\/types\/post"}],"author":[{"embeddable":true,"href":"http:\/\/wgphoto.pl\/t\/index.php?rest_route=\/wp\/v2\/users\/1"}],"replies":[{"embeddable":true,"href":"http:\/\/wgphoto.pl\/t\/index.php?rest_route=%2Fwp%2Fv2%2Fcomments&post=8082"}],"version-history":[{"count":1,"href":"http:\/\/wgphoto.pl\/t\/index.php?rest_route=\/wp\/v2\/posts\/8082\/revisions"}],"predecessor-version":[{"id":8085,"href":"http:\/\/wgphoto.pl\/t\/index.php?rest_route=\/wp\/v2\/posts\/8082\/revisions\/8085"}],"wp:featuredmedia":[{"embeddable":true,"href":"http:\/\/wgphoto.pl\/t\/index.php?rest_route=\/wp\/v2\/media\/8084"}],"wp:attachment":[{"href":"http:\/\/wgphoto.pl\/t\/index.php?rest_route=%2Fwp%2Fv2%2Fmedia&parent=8082"}],"wp:term":[{"taxonomy":"category","embeddable":true,"href":"http:\/\/wgphoto.pl\/t\/index.php?rest_route=%2Fwp%2Fv2%2Fcategories&post=8082"},{"taxonomy":"post_tag","embeddable":true,"href":"http:\/\/wgphoto.pl\/t\/index.php?rest_route=%2Fwp%2Fv2%2Ftags&post=8082"}],"curies":[{"name":"wp","href":"https:\/\/api.w.org\/{rel}","templated":true}]}}