{"id":8086,"date":"2024-12-15T20:52:07","date_gmt":"2024-12-15T19:52:07","guid":{"rendered":"https:\/\/wgphoto.pl\/t\/?p=8086"},"modified":"2024-12-15T20:52:07","modified_gmt":"2024-12-15T19:52:07","slug":"bytom-jak-malowany","status":"publish","type":"post","link":"http:\/\/wgphoto.pl\/t\/?p=8086","title":{"rendered":"Bytom jak malowany"},"content":{"rendered":"\n<figure class=\"wp-block-image aligncenter size-full\"><img loading=\"lazy\" decoding=\"async\" width=\"1300\" height=\"861\" src=\"https:\/\/wgphoto.pl\/t\/wp-content\/uploads\/2024\/12\/IMGP5228-1.jpg\" alt=\"\" class=\"wp-image-8088\" srcset=\"http:\/\/wgphoto.pl\/t\/wp-content\/uploads\/2024\/12\/IMGP5228-1.jpg 1300w, http:\/\/wgphoto.pl\/t\/wp-content\/uploads\/2024\/12\/IMGP5228-1-300x199.jpg 300w, http:\/\/wgphoto.pl\/t\/wp-content\/uploads\/2024\/12\/IMGP5228-1-768x509.jpg 768w\" sizes=\"auto, (max-width: 1300px) 100vw, 1300px\" \/><\/figure>\n\n\n\n<div class=\"wp-block-group has-global-padding is-layout-constrained wp-block-group-is-layout-constrained\">\n<p>EN57KM-3002 jako poci\u0105g osobowy 94354 relacji Lubliniec &#8211; O\u015bwi\u0119cim zatrzymuje si\u0119 w Bytomiu. Pojazd jest o tyle ciekawy, \u017ce jest jedn\u0105 z najstarszych jednostek w Polsce (rok prod. 1964) i wi\u0119kszo\u015b\u0107 swojej kariery zawodowej sp\u0119dzi\u0142 w S\u0142owenii. Natomiast w kwestii zdj\u0119cia &#8211; jeszcze kilka minut przed przyjazdem poci\u0105gu nic nie zwiastowa\u0142o takich barw, a\u017c tu nagle s\u0142o\u0144ce wysz\u0142o zza chmur i namalowa\u0142o taki obrazek. 15.10.2021<\/p>\n<\/div>\n","protected":false},"excerpt":{"rendered":"<p>EN57KM-3002 jako poci\u0105g osobowy 94354 relacji Lubliniec &#8211; O\u015bwi\u0119cim zatrzymuje si\u0119 w Bytomiu. Pojazd jest o tyle ciekawy, \u017ce jest jedn\u0105 z najstarszych jednostek w Polsce (rok prod. 1964) i wi\u0119kszo\u015b\u0107 swojej kariery zawodowej sp\u0119dzi\u0142 w S\u0142owenii. Natomiast w kwestii zdj\u0119cia &#8211; jeszcze kilka minut przed przyjazdem poci\u0105gu nic nie zwiastowa\u0142o takich barw, a\u017c tu [&hellip;]<\/p>\n","protected":false},"author":1,"featured_media":8088,"comment_status":"open","ping_status":"","sticky":false,"template":"","format":"standard","meta":{"footnotes":""},"categories":[2,681],"tags":[2680,1232,132,277,179,2133,63,27,181,2106],"class_list":["post-8086","post","type-post","status-publish","format-standard","has-post-thumbnail","hentry","category-kolej","category-rok-2021","tag-2021-10-15","tag-bytom","tag-en57","tag-gop","tag-hala-peronowa","tag-koleje-slaskie","tag-pkp","tag-polska","tag-slonce","tag-tab-pl180"],"_links":{"self":[{"href":"http:\/\/wgphoto.pl\/t\/index.php?rest_route=\/wp\/v2\/posts\/8086","targetHints":{"allow":["GET"]}}],"collection":[{"href":"http:\/\/wgphoto.pl\/t\/index.php?rest_route=\/wp\/v2\/posts"}],"about":[{"href":"http:\/\/wgphoto.pl\/t\/index.php?rest_route=\/wp\/v2\/types\/post"}],"author":[{"embeddable":true,"href":"http:\/\/wgphoto.pl\/t\/index.php?rest_route=\/wp\/v2\/users\/1"}],"replies":[{"embeddable":true,"href":"http:\/\/wgphoto.pl\/t\/index.php?rest_route=%2Fwp%2Fv2%2Fcomments&post=8086"}],"version-history":[{"count":1,"href":"http:\/\/wgphoto.pl\/t\/index.php?rest_route=\/wp\/v2\/posts\/8086\/revisions"}],"predecessor-version":[{"id":8089,"href":"http:\/\/wgphoto.pl\/t\/index.php?rest_route=\/wp\/v2\/posts\/8086\/revisions\/8089"}],"wp:featuredmedia":[{"embeddable":true,"href":"http:\/\/wgphoto.pl\/t\/index.php?rest_route=\/wp\/v2\/media\/8088"}],"wp:attachment":[{"href":"http:\/\/wgphoto.pl\/t\/index.php?rest_route=%2Fwp%2Fv2%2Fmedia&parent=8086"}],"wp:term":[{"taxonomy":"category","embeddable":true,"href":"http:\/\/wgphoto.pl\/t\/index.php?rest_route=%2Fwp%2Fv2%2Fcategories&post=8086"},{"taxonomy":"post_tag","embeddable":true,"href":"http:\/\/wgphoto.pl\/t\/index.php?rest_route=%2Fwp%2Fv2%2Ftags&post=8086"}],"curies":[{"name":"wp","href":"https:\/\/api.w.org\/{rel}","templated":true}]}}