{"id":8096,"date":"2024-12-15T20:56:32","date_gmt":"2024-12-15T19:56:32","guid":{"rendered":"https:\/\/wgphoto.pl\/t\/?p=8096"},"modified":"2024-12-15T20:56:32","modified_gmt":"2024-12-15T19:56:32","slug":"kiedys-bedzie-stadion","status":"publish","type":"post","link":"http:\/\/wgphoto.pl\/t\/?p=8096","title":{"rendered":"Kiedy\u015b b\u0119dzie stadion"},"content":{"rendered":"\n<figure class=\"wp-block-image aligncenter size-full\"><img loading=\"lazy\" decoding=\"async\" width=\"1300\" height=\"862\" src=\"https:\/\/wgphoto.pl\/t\/wp-content\/uploads\/2024\/12\/0529-25.jpg\" alt=\"\" class=\"wp-image-8097\" srcset=\"http:\/\/wgphoto.pl\/t\/wp-content\/uploads\/2024\/12\/0529-25.jpg 1300w, http:\/\/wgphoto.pl\/t\/wp-content\/uploads\/2024\/12\/0529-25-300x199.jpg 300w, http:\/\/wgphoto.pl\/t\/wp-content\/uploads\/2024\/12\/0529-25-768x509.jpg 768w\" sizes=\"auto, (max-width: 1300px) 100vw, 1300px\" \/><\/figure>\n\n\n\n<div class=\"wp-block-group has-global-padding is-layout-constrained wp-block-group-is-layout-constrained\">\n<p>EN57-1446+1395 z ZPR Wroc\u0142aw jako poci\u0105g osobowy 6743 relacji Wroc\u0142aw G\u0142\u00f3wny &#8211; Zielona G\u00f3ra na szlaku Wroc\u0142aw Ku\u017aniki &#8211; Wroc\u0142aw Pracze, w miejscu obecnego przystanku Wroc\u0142aw Stadion. 14.10.2005<\/p>\n<\/div>\n","protected":false},"excerpt":{"rendered":"<p>EN57-1446+1395 z ZPR Wroc\u0142aw jako poci\u0105g osobowy 6743 relacji Wroc\u0142aw G\u0142\u00f3wny &#8211; Zielona G\u00f3ra na szlaku Wroc\u0142aw Ku\u017aniki &#8211; Wroc\u0142aw Pracze, w miejscu obecnego przystanku Wroc\u0142aw Stadion. 14.10.2005<\/p>\n","protected":false},"author":1,"featured_media":8097,"comment_status":"open","ping_status":"","sticky":false,"template":"","format":"standard","meta":{"footnotes":""},"categories":[62,2,311],"tags":[1388,132,126,63,27,1024,41,2682,2683,2681],"class_list":["post-8096","post","type-post","status-publish","format-standard","has-post-thumbnail","hentry","category-analog","category-kolej","category-rok-2005","tag-2005-10-14","tag-en57","tag-jesien","tag-pkp","tag-polska","tag-tab-pl265","tag-wroclaw","tag-wroclaw-kuzniki","tag-wroclaw-pracze","tag-wroclaw-stadion"],"_links":{"self":[{"href":"http:\/\/wgphoto.pl\/t\/index.php?rest_route=\/wp\/v2\/posts\/8096","targetHints":{"allow":["GET"]}}],"collection":[{"href":"http:\/\/wgphoto.pl\/t\/index.php?rest_route=\/wp\/v2\/posts"}],"about":[{"href":"http:\/\/wgphoto.pl\/t\/index.php?rest_route=\/wp\/v2\/types\/post"}],"author":[{"embeddable":true,"href":"http:\/\/wgphoto.pl\/t\/index.php?rest_route=\/wp\/v2\/users\/1"}],"replies":[{"embeddable":true,"href":"http:\/\/wgphoto.pl\/t\/index.php?rest_route=%2Fwp%2Fv2%2Fcomments&post=8096"}],"version-history":[{"count":1,"href":"http:\/\/wgphoto.pl\/t\/index.php?rest_route=\/wp\/v2\/posts\/8096\/revisions"}],"predecessor-version":[{"id":8098,"href":"http:\/\/wgphoto.pl\/t\/index.php?rest_route=\/wp\/v2\/posts\/8096\/revisions\/8098"}],"wp:featuredmedia":[{"embeddable":true,"href":"http:\/\/wgphoto.pl\/t\/index.php?rest_route=\/wp\/v2\/media\/8097"}],"wp:attachment":[{"href":"http:\/\/wgphoto.pl\/t\/index.php?rest_route=%2Fwp%2Fv2%2Fmedia&parent=8096"}],"wp:term":[{"taxonomy":"category","embeddable":true,"href":"http:\/\/wgphoto.pl\/t\/index.php?rest_route=%2Fwp%2Fv2%2Fcategories&post=8096"},{"taxonomy":"post_tag","embeddable":true,"href":"http:\/\/wgphoto.pl\/t\/index.php?rest_route=%2Fwp%2Fv2%2Ftags&post=8096"}],"curies":[{"name":"wp","href":"https:\/\/api.w.org\/{rel}","templated":true}]}}