{"id":8099,"date":"2024-12-15T20:57:44","date_gmt":"2024-12-15T19:57:44","guid":{"rendered":"https:\/\/wgphoto.pl\/t\/?p=8099"},"modified":"2025-07-06T10:59:23","modified_gmt":"2025-07-06T08:59:23","slug":"uratowany","status":"publish","type":"post","link":"http:\/\/wgphoto.pl\/t\/?p=8099","title":{"rendered":"Uratowany"},"content":{"rendered":"\n<figure class=\"wp-block-image aligncenter size-full\"><img loading=\"lazy\" decoding=\"async\" width=\"1200\" height=\"795\" src=\"https:\/\/wgphoto.pl\/t\/wp-content\/uploads\/2024\/12\/IMGP5997.jpg\" alt=\"\" class=\"wp-image-8100\" srcset=\"http:\/\/wgphoto.pl\/t\/wp-content\/uploads\/2024\/12\/IMGP5997.jpg 1200w, http:\/\/wgphoto.pl\/t\/wp-content\/uploads\/2024\/12\/IMGP5997-300x199.jpg 300w, http:\/\/wgphoto.pl\/t\/wp-content\/uploads\/2024\/12\/IMGP5997-768x509.jpg 768w\" sizes=\"auto, (max-width: 1200px) 100vw, 1200px\" \/><\/figure>\n\n\n\n<div class=\"wp-block-group has-global-padding is-layout-constrained wp-block-group-is-layout-constrained\">\n<p>Nieznany z numer\u00f3w klasyczny <em>Rumun<\/em> z poci\u0105giem nieznanej relacji przekracza rzek\u0119 Cibin. To by\u0142o oczywiste, \u017ce s\u0142oneczny, jesienny poranek nad rzek\u0105 b\u0119dzie oznacza\u0142 lokaln\u0105 mg\u0142\u0119 (kilkaset metr\u00f3w dalej nie by\u0142o ju\u017c po niej \u015bladu), ale upar\u0142em si\u0119 na odwiedzenie miejsc\u00f3wki, gdzie mia\u0142 by\u0107 poci\u0105g na mo\u015bcie z widokiem na g\u00f3ry w tle, a p\u00f3\u017aniej nie by\u0142o ju\u017c odwrotu, gdy\u017c zbli\u017ca\u0142 si\u0119 czas przejazdu poci\u0105gu. W rezultacie powsta\u0142 bia\u0142y kadr z delikatnym zarysem poci\u0105gu. Spisany ju\u017c na straty, ostatnio kolejny raz trafi\u0142 na warsztat i tym razem uda\u0142o mi si\u0119 cokolwiek tutaj wydoby\u0107, co spowodowa\u0142o wzrost szumu, ale lepiej nie b\u0119dzie. 19.10.2019<\/p>\n<\/div>\n","protected":false},"excerpt":{"rendered":"<p>Nieznany z numer\u00f3w klasyczny Rumun z poci\u0105giem nieznanej relacji przekracza rzek\u0119 Cibin. To by\u0142o oczywiste, \u017ce s\u0142oneczny, jesienny poranek nad rzek\u0105 b\u0119dzie oznacza\u0142 lokaln\u0105 mg\u0142\u0119 (kilkaset metr\u00f3w dalej nie by\u0142o ju\u017c po niej \u015bladu), ale upar\u0142em si\u0119 na odwiedzenie miejsc\u00f3wki, gdzie mia\u0142 by\u0107 poci\u0105g na mo\u015bcie z widokiem na g\u00f3ry w tle, a p\u00f3\u017aniej nie [&hellip;]<\/p>\n","protected":false},"author":1,"featured_media":8100,"comment_status":"open","ping_status":"","sticky":false,"template":"","format":"standard","meta":{"footnotes":""},"categories":[2,136],"tags":[960,4186,958,821,45,176,574,957,575],"class_list":["post-8099","post","type-post","status-publish","format-standard","has-post-thumbnail","hentry","category-kolej","category-rok-2019","tag-2019-10-19","tag-4186","tag-cfr","tag-mgla","tag-most","tag-rano","tag-rumunia","tag-talmaciu","tag-wakacje-2019"],"_links":{"self":[{"href":"http:\/\/wgphoto.pl\/t\/index.php?rest_route=\/wp\/v2\/posts\/8099","targetHints":{"allow":["GET"]}}],"collection":[{"href":"http:\/\/wgphoto.pl\/t\/index.php?rest_route=\/wp\/v2\/posts"}],"about":[{"href":"http:\/\/wgphoto.pl\/t\/index.php?rest_route=\/wp\/v2\/types\/post"}],"author":[{"embeddable":true,"href":"http:\/\/wgphoto.pl\/t\/index.php?rest_route=\/wp\/v2\/users\/1"}],"replies":[{"embeddable":true,"href":"http:\/\/wgphoto.pl\/t\/index.php?rest_route=%2Fwp%2Fv2%2Fcomments&post=8099"}],"version-history":[{"count":1,"href":"http:\/\/wgphoto.pl\/t\/index.php?rest_route=\/wp\/v2\/posts\/8099\/revisions"}],"predecessor-version":[{"id":8101,"href":"http:\/\/wgphoto.pl\/t\/index.php?rest_route=\/wp\/v2\/posts\/8099\/revisions\/8101"}],"wp:featuredmedia":[{"embeddable":true,"href":"http:\/\/wgphoto.pl\/t\/index.php?rest_route=\/wp\/v2\/media\/8100"}],"wp:attachment":[{"href":"http:\/\/wgphoto.pl\/t\/index.php?rest_route=%2Fwp%2Fv2%2Fmedia&parent=8099"}],"wp:term":[{"taxonomy":"category","embeddable":true,"href":"http:\/\/wgphoto.pl\/t\/index.php?rest_route=%2Fwp%2Fv2%2Fcategories&post=8099"},{"taxonomy":"post_tag","embeddable":true,"href":"http:\/\/wgphoto.pl\/t\/index.php?rest_route=%2Fwp%2Fv2%2Ftags&post=8099"}],"curies":[{"name":"wp","href":"https:\/\/api.w.org\/{rel}","templated":true}]}}