{"id":8102,"date":"2024-12-15T22:47:51","date_gmt":"2024-12-15T21:47:51","guid":{"rendered":"https:\/\/wgphoto.pl\/t\/?p=8102"},"modified":"2024-12-15T22:47:51","modified_gmt":"2024-12-15T21:47:51","slug":"102na-22","status":"publish","type":"post","link":"http:\/\/wgphoto.pl\/t\/?p=8102","title":{"rendered":"102Na 22"},"content":{"rendered":"\n<figure class=\"wp-block-image aligncenter size-full\"><img loading=\"lazy\" decoding=\"async\" width=\"1400\" height=\"933\" src=\"https:\/\/wgphoto.pl\/t\/wp-content\/uploads\/2024\/12\/2001x-06_rsn.jpg\" alt=\"\" class=\"wp-image-8103\" srcset=\"http:\/\/wgphoto.pl\/t\/wp-content\/uploads\/2024\/12\/2001x-06_rsn.jpg 1400w, http:\/\/wgphoto.pl\/t\/wp-content\/uploads\/2024\/12\/2001x-06_rsn-300x200.jpg 300w, http:\/\/wgphoto.pl\/t\/wp-content\/uploads\/2024\/12\/2001x-06_rsn-768x512.jpg 768w\" sizes=\"auto, (max-width: 1400px) 100vw, 1400px\" \/><\/figure>\n\n\n\n<div class=\"wp-block-group has-global-padding is-layout-constrained wp-block-group-is-layout-constrained\">\n<p>Pozna\u0144, p\u0119tla Staro\u0142\u0119ka, 102Na nr 22. Mo\u017ce to s\u0142abo wida\u0107, ale wagon posiada na czole gniazda sterowania wielokrotnego &#8211; i to trzy, zamiast standardowych dw\u00f3ch. Z tego co pami\u0119tam, w Poznaniu takie wyposa\u017cenie posiada\u0142y dwie stodw\u00f3jki. 15.12.2001<\/p>\n<\/div>\n","protected":false},"excerpt":{"rendered":"<p>Pozna\u0144, p\u0119tla Staro\u0142\u0119ka, 102Na nr 22. Mo\u017ce to s\u0142abo wida\u0107, ale wagon posiada na czole gniazda sterowania wielokrotnego &#8211; i to trzy, zamiast standardowych dw\u00f3ch. Z tego co pami\u0119tam, w Poznaniu takie wyposa\u017cenie posiada\u0142y dwie stodw\u00f3jki. 15.12.2001<\/p>\n","protected":false},"author":1,"featured_media":8103,"comment_status":"open","ping_status":"","sticky":false,"template":"","format":"standard","meta":{"footnotes":""},"categories":[62,940,3],"tags":[2684,309,236,27,235],"class_list":["post-8102","post","type-post","status-publish","format-standard","has-post-thumbnail","hentry","category-analog","category-rok-2001","category-tramwaj","tag-2001-12-15","tag-konstal-102na","tag-mpk-poznan","tag-polska","tag-poznan"],"_links":{"self":[{"href":"http:\/\/wgphoto.pl\/t\/index.php?rest_route=\/wp\/v2\/posts\/8102","targetHints":{"allow":["GET"]}}],"collection":[{"href":"http:\/\/wgphoto.pl\/t\/index.php?rest_route=\/wp\/v2\/posts"}],"about":[{"href":"http:\/\/wgphoto.pl\/t\/index.php?rest_route=\/wp\/v2\/types\/post"}],"author":[{"embeddable":true,"href":"http:\/\/wgphoto.pl\/t\/index.php?rest_route=\/wp\/v2\/users\/1"}],"replies":[{"embeddable":true,"href":"http:\/\/wgphoto.pl\/t\/index.php?rest_route=%2Fwp%2Fv2%2Fcomments&post=8102"}],"version-history":[{"count":1,"href":"http:\/\/wgphoto.pl\/t\/index.php?rest_route=\/wp\/v2\/posts\/8102\/revisions"}],"predecessor-version":[{"id":8104,"href":"http:\/\/wgphoto.pl\/t\/index.php?rest_route=\/wp\/v2\/posts\/8102\/revisions\/8104"}],"wp:featuredmedia":[{"embeddable":true,"href":"http:\/\/wgphoto.pl\/t\/index.php?rest_route=\/wp\/v2\/media\/8103"}],"wp:attachment":[{"href":"http:\/\/wgphoto.pl\/t\/index.php?rest_route=%2Fwp%2Fv2%2Fmedia&parent=8102"}],"wp:term":[{"taxonomy":"category","embeddable":true,"href":"http:\/\/wgphoto.pl\/t\/index.php?rest_route=%2Fwp%2Fv2%2Fcategories&post=8102"},{"taxonomy":"post_tag","embeddable":true,"href":"http:\/\/wgphoto.pl\/t\/index.php?rest_route=%2Fwp%2Fv2%2Ftags&post=8102"}],"curies":[{"name":"wp","href":"https:\/\/api.w.org\/{rel}","templated":true}]}}