{"id":811,"date":"2024-09-30T21:13:19","date_gmt":"2024-09-30T19:13:19","guid":{"rendered":"https:\/\/wgphoto.pl\/t\/?p=811"},"modified":"2024-09-30T21:13:19","modified_gmt":"2024-09-30T19:13:19","slug":"miedzy-noca-i-dniem","status":"publish","type":"post","link":"http:\/\/wgphoto.pl\/t\/?p=811","title":{"rendered":"Mi\u0119dzy noc\u0105 i dniem"},"content":{"rendered":"\n<figure class=\"wp-block-image aligncenter size-full\"><img loading=\"lazy\" decoding=\"async\" width=\"1200\" height=\"803\" src=\"https:\/\/wgphoto.pl\/t\/wp-content\/uploads\/2024\/09\/IMGP8095.jpg\" alt=\"\" class=\"wp-image-812\" srcset=\"http:\/\/wgphoto.pl\/t\/wp-content\/uploads\/2024\/09\/IMGP8095.jpg 1200w, http:\/\/wgphoto.pl\/t\/wp-content\/uploads\/2024\/09\/IMGP8095-300x201.jpg 300w, http:\/\/wgphoto.pl\/t\/wp-content\/uploads\/2024\/09\/IMGP8095-768x514.jpg 768w\" sizes=\"auto, (max-width: 1200px) 100vw, 1200px\" \/><\/figure>\n\n\n\n<div class=\"wp-block-group has-global-padding is-layout-constrained wp-block-group-is-layout-constrained\">\n<p>\u2026a raczej ciemno\u015bci\u0105 i jasno\u015bci\u0105. Podziemna p\u0119tla Schottentor w Wiedniu, na kt\u00f3rej si\u0119 znajdujemy (nad ni\u0105 jest te\u017c p\u0119tla naziemna) z jednej strony \u0142\u0105czy si\u0119 z ci\u0105gami pieszymi na doj\u015bciu do metra, a z drugiej &#8211; co wida\u0107 na lewym boku tramwaju &#8211; ma dost\u0119p do \u015bwiat\u0142a dziennego, gdy\u017c \u015brodek p\u0119tli jest odkrytym trawnikiem le\u017c\u0105cym na poziomie &#8222;-1&#8221;. 25.05.2012<\/p>\n<\/div>\n","protected":false},"excerpt":{"rendered":"<p>\u2026a raczej ciemno\u015bci\u0105 i jasno\u015bci\u0105. Podziemna p\u0119tla Schottentor w Wiedniu, na kt\u00f3rej si\u0119 znajdujemy (nad ni\u0105 jest te\u017c p\u0119tla naziemna) z jednej strony \u0142\u0105czy si\u0119 z ci\u0105gami pieszymi na doj\u015bciu do metra, a z drugiej &#8211; co wida\u0107 na lewym boku tramwaju &#8211; ma dost\u0119p do \u015bwiat\u0142a dziennego, gdy\u017c \u015brodek p\u0119tli jest odkrytym trawnikiem le\u017c\u0105cym [&hellip;]<\/p>\n","protected":false},"author":1,"featured_media":812,"comment_status":"open","ping_status":"","sticky":false,"template":"","format":"standard","meta":{"footnotes":""},"categories":[46,3],"tags":[406,9,102,101,151,15,97,98],"class_list":["post-811","post","type-post","status-publish","format-standard","has-post-thumbnail","hentry","category-rok-2012","category-tramwaj","tag-2012-05-25","tag-austria","tag-e1","tag-gt6","tag-ludzie","tag-tunel","tag-wieden","tag-wiener-linien"],"_links":{"self":[{"href":"http:\/\/wgphoto.pl\/t\/index.php?rest_route=\/wp\/v2\/posts\/811","targetHints":{"allow":["GET"]}}],"collection":[{"href":"http:\/\/wgphoto.pl\/t\/index.php?rest_route=\/wp\/v2\/posts"}],"about":[{"href":"http:\/\/wgphoto.pl\/t\/index.php?rest_route=\/wp\/v2\/types\/post"}],"author":[{"embeddable":true,"href":"http:\/\/wgphoto.pl\/t\/index.php?rest_route=\/wp\/v2\/users\/1"}],"replies":[{"embeddable":true,"href":"http:\/\/wgphoto.pl\/t\/index.php?rest_route=%2Fwp%2Fv2%2Fcomments&post=811"}],"version-history":[{"count":1,"href":"http:\/\/wgphoto.pl\/t\/index.php?rest_route=\/wp\/v2\/posts\/811\/revisions"}],"predecessor-version":[{"id":813,"href":"http:\/\/wgphoto.pl\/t\/index.php?rest_route=\/wp\/v2\/posts\/811\/revisions\/813"}],"wp:featuredmedia":[{"embeddable":true,"href":"http:\/\/wgphoto.pl\/t\/index.php?rest_route=\/wp\/v2\/media\/812"}],"wp:attachment":[{"href":"http:\/\/wgphoto.pl\/t\/index.php?rest_route=%2Fwp%2Fv2%2Fmedia&parent=811"}],"wp:term":[{"taxonomy":"category","embeddable":true,"href":"http:\/\/wgphoto.pl\/t\/index.php?rest_route=%2Fwp%2Fv2%2Fcategories&post=811"},{"taxonomy":"post_tag","embeddable":true,"href":"http:\/\/wgphoto.pl\/t\/index.php?rest_route=%2Fwp%2Fv2%2Ftags&post=811"}],"curies":[{"name":"wp","href":"https:\/\/api.w.org\/{rel}","templated":true}]}}